{"id":9118,"date":"2021-03-28T17:07:06","date_gmt":"2021-03-28T15:07:06","guid":{"rendered":"https:\/\/bdlire.fr\/?p=9118"},"modified":"2021-04-06T17:40:32","modified_gmt":"2021-04-06T15:40:32","slug":"idiss-adapte-du-recit-de-robert-badinter-par-richard-malka-et-fred-bernard","status":"publish","type":"post","link":"https:\/\/bdlire.fr\/index.php\/2021\/03\/28\/idiss-adapte-du-recit-de-robert-badinter-par-richard-malka-et-fred-bernard\/","title":{"rendered":"&#8220;IDISS&#8221; adapt\u00e9 du r\u00e9cit de Robert Badinter par Richard Malka et Fred Bernard"},"content":{"rendered":"<div style='text-align:left' class='yasr-auto-insert-visitor'><\/div><h3>R\u00e9sum\u00e9<\/h3>\n<p><em>\u00ab J\u2019ai \u00e9crit ce livre en hommage \u00e0 ma grand-m\u00e8re maternelle, Idiss. Il ne pr\u00e9tend \u00eatre ni une biographie, ni une \u00e9tude de la condition\u00a0des immigr\u00e9s juifs de l\u2019Empire russe venus \u00e0 Paris avant 1914. Il est simplement le r\u00e9cit d\u2019une destin\u00e9e singuli\u00e8re \u00e0 laquelle j\u2019ai souvent r\u00eav\u00e9. Puisse-t-il \u00eatre aussi, au-del\u00e0 du temps \u00e9coul\u00e9, un t\u00e9moignage d\u2019amour de son petit-fils. \u00bb\u00a0\u00a0<\/em><\/p>\n<p>Robert Badinter<\/p>\n<p>A la fin du XIX\u00e8me si\u00e8cle, Idiss vit \u00e0 Kichinev en Bessarabie (aujourd&#8217;hui Moldavie). Elle \u00e9l\u00e8ve seule ses deux fils Avroum et Naftoul pendant que son mari, Schulim est parti \u00e0 l&#8217;arm\u00e9e. Elle fait tout ce qu&#8217;elle peut pour subvenir aux besoins de sa famille, vendant des napperons au march\u00e9 et acceptant m\u00eame de participer \u00e0 de petits trafics pas m\u00e9chants pour am\u00e9liorer ses revenus<\/p>\n<p>Quand Schulim revient, ils ont une petite fille Chifra et m\u00e8nent une vie familiale heureuse mais modeste. Schulim travaille mais c\u00e8de \u00e9galement parfois \u00e0 son point faible, le jeu.<\/p>\n<p>Dans le m\u00eame temps, au d\u00e9but du XX\u00e8me si\u00e8cle la situation se tend en Bessarabie avec la haine des juifs qui se d\u00e9veloppe et la multiplication des pogroms (massacre des juifs perp\u00e9tr\u00e9s par la majorit\u00e9 chr\u00e9tienne).<\/p>\n<p><img decoding=\"async\" loading=\"lazy\" class=\"wp-image-9124 size-large aligncenter\" src=\"https:\/\/bdlire.fr\/wp-content\/uploads\/2021\/03\/idissweb-_page_02-780x1024.jpg\" alt=\"\" width=\"780\" height=\"1024\" srcset=\"https:\/\/bdlire.fr\/wp-content\/uploads\/2021\/03\/idissweb-_page_02-780x1024.jpg 780w, https:\/\/bdlire.fr\/wp-content\/uploads\/2021\/03\/idissweb-_page_02-228x300.jpg 228w, https:\/\/bdlire.fr\/wp-content\/uploads\/2021\/03\/idissweb-_page_02-768x1009.jpg 768w, https:\/\/bdlire.fr\/wp-content\/uploads\/2021\/03\/idissweb-_page_02-200x263.jpg 200w, https:\/\/bdlire.fr\/wp-content\/uploads\/2021\/03\/idissweb-_page_02-300x394.jpg 300w, https:\/\/bdlire.fr\/wp-content\/uploads\/2021\/03\/idissweb-_page_02-690x906.jpg 690w, https:\/\/bdlire.fr\/wp-content\/uploads\/2021\/03\/idissweb-_page_02-400x525.jpg 400w, https:\/\/bdlire.fr\/wp-content\/uploads\/2021\/03\/idissweb-_page_02.jpg 900w\" sizes=\"(max-width: 780px) 100vw, 780px\" \/><\/p>\n<p>Avroum et Naftoul d\u00e9cident alors de partir vivre en France pour fuir et se donner une chance de r\u00e9ussir. Idiss, Chulim et Chifra les rejoindront quelques temps plus tard alors que Chulim aura tout perdu au jeu.<\/p>\n<p>&nbsp;<\/p>\n<h3>Mon avis<\/h3>\n<p>Idiss, c&#8217;est l&#8217;histoire d&#8217;une femme exceptionnelle qui fait face. Face \u00e0 la solitude, face \u00e0 la pauvret\u00e9, face \u00e0 la haine, face \u00e0 la s\u00e9paration de ses enfants et face aux faiblesses de son mari. Elle est droite, d\u00e9bout et prend les d\u00e9cisions n\u00e9cessaires toujours avec beaucoup de dignit\u00e9. Une force et une g\u00e9n\u00e9rosit\u00e9 toujours en retenue, \u00e0 petits bruits.<\/p>\n<p><img decoding=\"async\" loading=\"lazy\" class=\"wp-image-9120 size-full aligncenter\" src=\"https:\/\/bdlire.fr\/wp-content\/uploads\/2021\/03\/idissweb-_page_01_1.jpg\" alt=\"\" width=\"385\" height=\"506\" srcset=\"https:\/\/bdlire.fr\/wp-content\/uploads\/2021\/03\/idissweb-_page_01_1.jpg 385w, https:\/\/bdlire.fr\/wp-content\/uploads\/2021\/03\/idissweb-_page_01_1-228x300.jpg 228w, https:\/\/bdlire.fr\/wp-content\/uploads\/2021\/03\/idissweb-_page_01_1-200x263.jpg 200w, https:\/\/bdlire.fr\/wp-content\/uploads\/2021\/03\/idissweb-_page_01_1-300x394.jpg 300w\" sizes=\"(max-width: 385px) 100vw, 385px\" \/><\/p>\n<p>La bande dessin\u00e9e de Richard Malka et Fred Bernard est d&#8217;une intensit\u00e9 \u00e9motionnelle rare. L&#8217;adaptation du livre de Robert Badinter tout simplement prodigieuse. Le dessin est d&#8217;une grande po\u00e9sie et le r\u00e9cit tellement puissant. Je recommande \u00e0 tous de lire ce sublime ouvrage car on en apprend autant sur la grandeur des Hommes que sur leur ignominie.<\/p>\n<p>IDISS adapt\u00e9 du r\u00e9cit de Robert Badinter par Richard Malka &#8211; sc\u00e9nario &#8211;\u00a0 et Fred Bernard &#8211; dessin &#8211; aux Editions Rue de S\u00e8vres<\/p>\n<p>Sorti en mars 2021<\/p>\n","protected":false},"excerpt":{"rendered":"<p>R\u00e9sum\u00e9 \u00ab J\u2019ai \u00e9crit ce livre en hommage \u00e0 ma grand-m\u00e8re maternelle, Idiss. Il ne pr\u00e9tend \u00eatre ni une biographie, ni une \u00e9tude de la condition\u00a0des immigr\u00e9s juifs de l\u2019Empire russe venus \u00e0 Paris avant <a class=\"read-more\" href=\"https:\/\/bdlire.fr\/index.php\/2021\/03\/28\/idiss-adapte-du-recit-de-robert-badinter-par-richard-malka-et-fred-bernard\/\">&#8230;<\/a><\/p>\n","protected":false},"author":2,"featured_media":9119,"comment_status":"open","ping_status":"open","sticky":false,"template":"","format":"standard","meta":{"_mi_skip_tracking":false,"cybocfi_hide_featured_image":"","yasr_overall_rating":0,"yasr_post_is_review":"","yasr_auto_insert_disabled":"","yasr_review_type":""},"categories":[25,1,12,28],"tags":[90,56],"yoast_head":"<!-- This site is optimized with the Yoast SEO plugin v20.6 - https:\/\/yoast.com\/wordpress\/plugins\/seo\/ -->\n<title>&quot;IDISS&quot; adapt\u00e9 du r\u00e9cit de Robert Badinter par Richard Malka et Fred Bernard - BDLIRE %<\/title>\n<meta name=\"robots\" content=\"index, follow, max-snippet:-1, max-image-preview:large, max-video-preview:-1\" \/>\n<link rel=\"canonical\" href=\"https:\/\/bdlire.fr\/index.php\/2021\/03\/28\/idiss-adapte-du-recit-de-robert-badinter-par-richard-malka-et-fred-bernard\/\" \/>\n<meta property=\"og:locale\" content=\"fr_FR\" \/>\n<meta property=\"og:type\" content=\"article\" \/>\n<meta property=\"og:title\" content=\"&quot;IDISS&quot; adapt\u00e9 du r\u00e9cit de Robert Badinter par Richard Malka et Fred Bernard - BDLIRE %\" \/>\n<meta property=\"og:description\" content=\"R\u00e9sum\u00e9 \u00ab J\u2019ai \u00e9crit ce livre en hommage \u00e0 ma grand-m\u00e8re maternelle, Idiss. Il ne pr\u00e9tend \u00eatre ni une biographie, ni une \u00e9tude de la condition\u00a0des immigr\u00e9s juifs de l\u2019Empire russe venus \u00e0 Paris avant ...\" \/>\n<meta property=\"og:url\" content=\"https:\/\/bdlire.fr\/index.php\/2021\/03\/28\/idiss-adapte-du-recit-de-robert-badinter-par-richard-malka-et-fred-bernard\/\" \/>\n<meta property=\"og:site_name\" content=\"BDLIRE\" \/>\n<meta property=\"article:publisher\" content=\"https:\/\/www.facebook.com\/BDLire\" \/>\n<meta property=\"article:published_time\" content=\"2021-03-28T15:07:06+00:00\" \/>\n<meta property=\"article:modified_time\" content=\"2021-04-06T15:40:32+00:00\" \/>\n<meta property=\"og:image\" content=\"https:\/\/bdlire.fr\/wp-content\/uploads\/2021\/03\/Idiss.jpg\" \/>\n\t<meta property=\"og:image:width\" content=\"400\" \/>\n\t<meta property=\"og:image:height\" content=\"520\" \/>\n\t<meta property=\"og:image:type\" content=\"image\/jpeg\" \/>\n<meta name=\"author\" content=\"Combattut\" \/>\n<meta name=\"twitter:card\" content=\"summary_large_image\" \/>\n<meta name=\"twitter:creator\" content=\"@bd_lire\" \/>\n<meta name=\"twitter:site\" content=\"@bd_lire\" \/>\n<meta name=\"twitter:label1\" content=\"\u00c9crit par\" \/>\n\t<meta name=\"twitter:data1\" content=\"Combattut\" \/>\n\t<meta name=\"twitter:label2\" content=\"Dur\u00e9e de lecture estim\u00e9e\" \/>\n\t<meta name=\"twitter:data2\" content=\"3 minutes\" \/>\n<script type=\"application\/ld+json\" class=\"yoast-schema-graph\">{\"@context\":\"https:\/\/schema.org\",\"@graph\":[{\"@type\":\"Article\",\"@id\":\"https:\/\/bdlire.fr\/index.php\/2021\/03\/28\/idiss-adapte-du-recit-de-robert-badinter-par-richard-malka-et-fred-bernard\/#article\",\"isPartOf\":{\"@id\":\"https:\/\/bdlire.fr\/index.php\/2021\/03\/28\/idiss-adapte-du-recit-de-robert-badinter-par-richard-malka-et-fred-bernard\/\"},\"author\":{\"name\":\"Combattut\",\"@id\":\"https:\/\/bdlire.fr\/#\/schema\/person\/abaed4593b2478bea68f6a088dbf26bb\"},\"headline\":\"&#8220;IDISS&#8221; adapt\u00e9 du r\u00e9cit de Robert Badinter par Richard Malka et Fred Bernard\",\"datePublished\":\"2021-03-28T15:07:06+00:00\",\"dateModified\":\"2021-04-06T15:40:32+00:00\",\"mainEntityOfPage\":{\"@id\":\"https:\/\/bdlire.fr\/index.php\/2021\/03\/28\/idiss-adapte-du-recit-de-robert-badinter-par-richard-malka-et-fred-bernard\/\"},\"wordCount\":432,\"commentCount\":1,\"publisher\":{\"@id\":\"https:\/\/bdlire.fr\/#organization\"},\"keywords\":[\"B\u00e9nou\",\"RUE DE SEVRES\"],\"articleSection\":{\"0\":\"Histoire\",\"2\":\"Roman graphique\",\"3\":\"Tous les articles\"},\"inLanguage\":\"fr-FR\",\"potentialAction\":[{\"@type\":\"CommentAction\",\"name\":\"Comment\",\"target\":[\"https:\/\/bdlire.fr\/index.php\/2021\/03\/28\/idiss-adapte-du-recit-de-robert-badinter-par-richard-malka-et-fred-bernard\/#respond\"]}]},{\"@type\":\"WebPage\",\"@id\":\"https:\/\/bdlire.fr\/index.php\/2021\/03\/28\/idiss-adapte-du-recit-de-robert-badinter-par-richard-malka-et-fred-bernard\/\",\"url\":\"https:\/\/bdlire.fr\/index.php\/2021\/03\/28\/idiss-adapte-du-recit-de-robert-badinter-par-richard-malka-et-fred-bernard\/\",\"name\":\"\\\"IDISS\\\" adapt\u00e9 du r\u00e9cit de Robert Badinter par Richard Malka et Fred Bernard - BDLIRE %\",\"isPartOf\":{\"@id\":\"https:\/\/bdlire.fr\/#website\"},\"datePublished\":\"2021-03-28T15:07:06+00:00\",\"dateModified\":\"2021-04-06T15:40:32+00:00\",\"breadcrumb\":{\"@id\":\"https:\/\/bdlire.fr\/index.php\/2021\/03\/28\/idiss-adapte-du-recit-de-robert-badinter-par-richard-malka-et-fred-bernard\/#breadcrumb\"},\"inLanguage\":\"fr-FR\",\"potentialAction\":[{\"@type\":\"ReadAction\",\"target\":[\"https:\/\/bdlire.fr\/index.php\/2021\/03\/28\/idiss-adapte-du-recit-de-robert-badinter-par-richard-malka-et-fred-bernard\/\"]}]},{\"@type\":\"BreadcrumbList\",\"@id\":\"https:\/\/bdlire.fr\/index.php\/2021\/03\/28\/idiss-adapte-du-recit-de-robert-badinter-par-richard-malka-et-fred-bernard\/#breadcrumb\",\"itemListElement\":[{\"@type\":\"ListItem\",\"position\":1,\"name\":\"Accueil\",\"item\":\"https:\/\/bdlire.fr\/\"},{\"@type\":\"ListItem\",\"position\":2,\"name\":\"&#8220;IDISS&#8221; adapt\u00e9 du r\u00e9cit de Robert Badinter par Richard Malka et Fred Bernard\"}]},{\"@type\":\"WebSite\",\"@id\":\"https:\/\/bdlire.fr\/#website\",\"url\":\"https:\/\/bdlire.fr\/\",\"name\":\"BDLIRE\",\"description\":\"Des BDs et des d\u00e9lires\",\"publisher\":{\"@id\":\"https:\/\/bdlire.fr\/#organization\"},\"potentialAction\":[{\"@type\":\"SearchAction\",\"target\":{\"@type\":\"EntryPoint\",\"urlTemplate\":\"https:\/\/bdlire.fr\/?s={search_term_string}\"},\"query-input\":\"required name=search_term_string\"}],\"inLanguage\":\"fr-FR\"},{\"@type\":\"Organization\",\"@id\":\"https:\/\/bdlire.fr\/#organization\",\"name\":\"BDLIRE\",\"url\":\"https:\/\/bdlire.fr\/\",\"logo\":{\"@type\":\"ImageObject\",\"inLanguage\":\"fr-FR\",\"@id\":\"https:\/\/bdlire.fr\/#\/schema\/logo\/image\/\",\"url\":\"https:\/\/bdlire.fr\/wp-content\/uploads\/2019\/01\/logo-bdlire.png\",\"contentUrl\":\"https:\/\/bdlire.fr\/wp-content\/uploads\/2019\/01\/logo-bdlire.png\",\"width\":200,\"height\":80,\"caption\":\"BDLIRE\"},\"image\":{\"@id\":\"https:\/\/bdlire.fr\/#\/schema\/logo\/image\/\"},\"sameAs\":[\"https:\/\/www.facebook.com\/BDLire\",\"https:\/\/twitter.com\/bd_lire\",\"https:\/\/www.instagram.com\/bdlire_2020\/\"]},{\"@type\":\"Person\",\"@id\":\"https:\/\/bdlire.fr\/#\/schema\/person\/abaed4593b2478bea68f6a088dbf26bb\",\"name\":\"Combattut\",\"image\":{\"@type\":\"ImageObject\",\"inLanguage\":\"fr-FR\",\"@id\":\"https:\/\/bdlire.fr\/#\/schema\/person\/image\/\",\"url\":\"https:\/\/secure.gravatar.com\/avatar\/9a5333a44db413ece53b24965bfbc87b?s=96&d=mm&r=g\",\"contentUrl\":\"https:\/\/secure.gravatar.com\/avatar\/9a5333a44db413ece53b24965bfbc87b?s=96&d=mm&r=g\",\"caption\":\"Combattut\"},\"sameAs\":[\"http:\/\/www.bdlire.fr\"],\"url\":\"https:\/\/bdlire.fr\/index.php\/author\/thibaut\/\"}]}<\/script>\n<!-- \/ Yoast SEO plugin. -->","yoast_head_json":{"title":"\"IDISS\" adapt\u00e9 du r\u00e9cit de Robert Badinter par Richard Malka et Fred Bernard - BDLIRE %","robots":{"index":"index","follow":"follow","max-snippet":"max-snippet:-1","max-image-preview":"max-image-preview:large","max-video-preview":"max-video-preview:-1"},"canonical":"https:\/\/bdlire.fr\/index.php\/2021\/03\/28\/idiss-adapte-du-recit-de-robert-badinter-par-richard-malka-et-fred-bernard\/","og_locale":"fr_FR","og_type":"article","og_title":"\"IDISS\" adapt\u00e9 du r\u00e9cit de Robert Badinter par Richard Malka et Fred Bernard - BDLIRE %","og_description":"R\u00e9sum\u00e9 \u00ab J\u2019ai \u00e9crit ce livre en hommage \u00e0 ma grand-m\u00e8re maternelle, Idiss. Il ne pr\u00e9tend \u00eatre ni une biographie, ni une \u00e9tude de la condition\u00a0des immigr\u00e9s juifs de l\u2019Empire russe venus \u00e0 Paris avant ...","og_url":"https:\/\/bdlire.fr\/index.php\/2021\/03\/28\/idiss-adapte-du-recit-de-robert-badinter-par-richard-malka-et-fred-bernard\/","og_site_name":"BDLIRE","article_publisher":"https:\/\/www.facebook.com\/BDLire","article_published_time":"2021-03-28T15:07:06+00:00","article_modified_time":"2021-04-06T15:40:32+00:00","og_image":[{"width":400,"height":520,"url":"https:\/\/bdlire.fr\/wp-content\/uploads\/2021\/03\/Idiss.jpg","type":"image\/jpeg"}],"author":"Combattut","twitter_card":"summary_large_image","twitter_creator":"@bd_lire","twitter_site":"@bd_lire","twitter_misc":{"\u00c9crit par":"Combattut","Dur\u00e9e de lecture estim\u00e9e":"3 minutes"},"schema":{"@context":"https:\/\/schema.org","@graph":[{"@type":"Article","@id":"https:\/\/bdlire.fr\/index.php\/2021\/03\/28\/idiss-adapte-du-recit-de-robert-badinter-par-richard-malka-et-fred-bernard\/#article","isPartOf":{"@id":"https:\/\/bdlire.fr\/index.php\/2021\/03\/28\/idiss-adapte-du-recit-de-robert-badinter-par-richard-malka-et-fred-bernard\/"},"author":{"name":"Combattut","@id":"https:\/\/bdlire.fr\/#\/schema\/person\/abaed4593b2478bea68f6a088dbf26bb"},"headline":"&#8220;IDISS&#8221; adapt\u00e9 du r\u00e9cit de Robert Badinter par Richard Malka et Fred Bernard","datePublished":"2021-03-28T15:07:06+00:00","dateModified":"2021-04-06T15:40:32+00:00","mainEntityOfPage":{"@id":"https:\/\/bdlire.fr\/index.php\/2021\/03\/28\/idiss-adapte-du-recit-de-robert-badinter-par-richard-malka-et-fred-bernard\/"},"wordCount":432,"commentCount":1,"publisher":{"@id":"https:\/\/bdlire.fr\/#organization"},"keywords":["B\u00e9nou","RUE DE SEVRES"],"articleSection":{"0":"Histoire","2":"Roman graphique","3":"Tous les articles"},"inLanguage":"fr-FR","potentialAction":[{"@type":"CommentAction","name":"Comment","target":["https:\/\/bdlire.fr\/index.php\/2021\/03\/28\/idiss-adapte-du-recit-de-robert-badinter-par-richard-malka-et-fred-bernard\/#respond"]}]},{"@type":"WebPage","@id":"https:\/\/bdlire.fr\/index.php\/2021\/03\/28\/idiss-adapte-du-recit-de-robert-badinter-par-richard-malka-et-fred-bernard\/","url":"https:\/\/bdlire.fr\/index.php\/2021\/03\/28\/idiss-adapte-du-recit-de-robert-badinter-par-richard-malka-et-fred-bernard\/","name":"\"IDISS\" adapt\u00e9 du r\u00e9cit de Robert Badinter par Richard Malka et Fred Bernard - BDLIRE %","isPartOf":{"@id":"https:\/\/bdlire.fr\/#website"},"datePublished":"2021-03-28T15:07:06+00:00","dateModified":"2021-04-06T15:40:32+00:00","breadcrumb":{"@id":"https:\/\/bdlire.fr\/index.php\/2021\/03\/28\/idiss-adapte-du-recit-de-robert-badinter-par-richard-malka-et-fred-bernard\/#breadcrumb"},"inLanguage":"fr-FR","potentialAction":[{"@type":"ReadAction","target":["https:\/\/bdlire.fr\/index.php\/2021\/03\/28\/idiss-adapte-du-recit-de-robert-badinter-par-richard-malka-et-fred-bernard\/"]}]},{"@type":"BreadcrumbList","@id":"https:\/\/bdlire.fr\/index.php\/2021\/03\/28\/idiss-adapte-du-recit-de-robert-badinter-par-richard-malka-et-fred-bernard\/#breadcrumb","itemListElement":[{"@type":"ListItem","position":1,"name":"Accueil","item":"https:\/\/bdlire.fr\/"},{"@type":"ListItem","position":2,"name":"&#8220;IDISS&#8221; adapt\u00e9 du r\u00e9cit de Robert Badinter par Richard Malka et Fred Bernard"}]},{"@type":"WebSite","@id":"https:\/\/bdlire.fr\/#website","url":"https:\/\/bdlire.fr\/","name":"BDLIRE","description":"Des BDs et des d\u00e9lires","publisher":{"@id":"https:\/\/bdlire.fr\/#organization"},"potentialAction":[{"@type":"SearchAction","target":{"@type":"EntryPoint","urlTemplate":"https:\/\/bdlire.fr\/?s={search_term_string}"},"query-input":"required name=search_term_string"}],"inLanguage":"fr-FR"},{"@type":"Organization","@id":"https:\/\/bdlire.fr\/#organization","name":"BDLIRE","url":"https:\/\/bdlire.fr\/","logo":{"@type":"ImageObject","inLanguage":"fr-FR","@id":"https:\/\/bdlire.fr\/#\/schema\/logo\/image\/","url":"https:\/\/bdlire.fr\/wp-content\/uploads\/2019\/01\/logo-bdlire.png","contentUrl":"https:\/\/bdlire.fr\/wp-content\/uploads\/2019\/01\/logo-bdlire.png","width":200,"height":80,"caption":"BDLIRE"},"image":{"@id":"https:\/\/bdlire.fr\/#\/schema\/logo\/image\/"},"sameAs":["https:\/\/www.facebook.com\/BDLire","https:\/\/twitter.com\/bd_lire","https:\/\/www.instagram.com\/bdlire_2020\/"]},{"@type":"Person","@id":"https:\/\/bdlire.fr\/#\/schema\/person\/abaed4593b2478bea68f6a088dbf26bb","name":"Combattut","image":{"@type":"ImageObject","inLanguage":"fr-FR","@id":"https:\/\/bdlire.fr\/#\/schema\/person\/image\/","url":"https:\/\/secure.gravatar.com\/avatar\/9a5333a44db413ece53b24965bfbc87b?s=96&d=mm&r=g","contentUrl":"https:\/\/secure.gravatar.com\/avatar\/9a5333a44db413ece53b24965bfbc87b?s=96&d=mm&r=g","caption":"Combattut"},"sameAs":["http:\/\/www.bdlire.fr"],"url":"https:\/\/bdlire.fr\/index.php\/author\/thibaut\/"}]}},"yasr_visitor_votes":{"stars_attributes":{"read_only":false,"span_bottom":false},"number_of_votes":2,"sum_votes":8},"_links":{"self":[{"href":"https:\/\/bdlire.fr\/index.php\/wp-json\/wp\/v2\/posts\/9118"}],"collection":[{"href":"https:\/\/bdlire.fr\/index.php\/wp-json\/wp\/v2\/posts"}],"about":[{"href":"https:\/\/bdlire.fr\/index.php\/wp-json\/wp\/v2\/types\/post"}],"author":[{"embeddable":true,"href":"https:\/\/bdlire.fr\/index.php\/wp-json\/wp\/v2\/users\/2"}],"replies":[{"embeddable":true,"href":"https:\/\/bdlire.fr\/index.php\/wp-json\/wp\/v2\/comments?post=9118"}],"version-history":[{"count":6,"href":"https:\/\/bdlire.fr\/index.php\/wp-json\/wp\/v2\/posts\/9118\/revisions"}],"predecessor-version":[{"id":9290,"href":"https:\/\/bdlire.fr\/index.php\/wp-json\/wp\/v2\/posts\/9118\/revisions\/9290"}],"wp:featuredmedia":[{"embeddable":true,"href":"https:\/\/bdlire.fr\/index.php\/wp-json\/wp\/v2\/media\/9119"}],"wp:attachment":[{"href":"https:\/\/bdlire.fr\/index.php\/wp-json\/wp\/v2\/media?parent=9118"}],"wp:term":[{"taxonomy":"category","embeddable":true,"href":"https:\/\/bdlire.fr\/index.php\/wp-json\/wp\/v2\/categories?post=9118"},{"taxonomy":"post_tag","embeddable":true,"href":"https:\/\/bdlire.fr\/index.php\/wp-json\/wp\/v2\/tags?post=9118"}],"curies":[{"name":"wp","href":"https:\/\/api.w.org\/{rel}","templated":true}]}}