{"id":5846,"date":"2020-08-30T16:57:23","date_gmt":"2020-08-30T14:57:23","guid":{"rendered":"https:\/\/bdlire.fr\/?p=5846"},"modified":"2020-10-22T15:06:31","modified_gmt":"2020-10-22T13:06:31","slug":"la-patrie-des-freres-werner-de-philippe-collin-et-sebastien-goethals","status":"publish","type":"post","link":"https:\/\/bdlire.fr\/index.php\/2020\/08\/30\/la-patrie-des-freres-werner-de-philippe-collin-et-sebastien-goethals\/","title":{"rendered":"La patrie des fr\u00e8res Werner de Philippe Collin et S\u00e9bastien Goethals"},"content":{"rendered":"<div style='text-align:left' class='yasr-auto-insert-visitor'><\/div><h3>R\u00e9sum\u00e9<\/h3>\n<p>En 1945, Konrad et Andreas Werner, orphelins juifs allemands de la guerre veillent l&#8217;un sur l&#8217;autre dans un Berlin pass\u00e9 sous le joug russe. Quand Andr\u00e9as, le plus jeune, tombe malade, Konrad se rend dans une pharmacie en ruine pour essayer d&#8217;en rapporter de l&#8217;aspirine, ill se fait arr\u00eater par la police qui lui propose alors un march\u00e9 non n\u00e9gociable : int\u00e9grer la stasi ou partir en prison.<\/p>\n<p>Les deux fr\u00e8res se mettent ainsi \u00e0 servir la RDA et son discours national socialiste jusqu&#8217;\u00e0 ce que Konrad soit envoy\u00e9 en RFA comme espion. 12 ans plus tard ils se retrouvent autour d&#8217;un match de foot aux enjeux politiques majeurs : la RFA affronte une \u00e9quipe de RDA, pr\u00e9sum\u00e9e moins forte mais qui devient l&#8217;\u00e9tendard de l&#8217;Est et de son dirigeant Erich Honecker.<\/p>\n<p>Les deux fr\u00e8res, au service de la m\u00eame cause, travaillent\u00a0 l&#8217;un pour l&#8217;\u00e9quipe ouest allemande et ses stars (Paul Breitner et Franz Beckenbauer), et l&#8217;autre pour la RDA. Ils en profitent pour r\u00e9apprendre \u00e0 se connaitre quand Andreas, qui fait ses premiers pas \u00e0 l&#8217;ouest fait part \u00e0 Konrad de ses doutes vis-\u00e0-vis de la vie \u00e0 l&#8217;Est.<\/p>\n<p><img decoding=\"async\" loading=\"lazy\" class=\"alignnone wp-image-5848 size-large\" src=\"https:\/\/bdlire.fr\/wp-content\/uploads\/2020\/08\/IMG_4253-768x1024.jpg\" alt=\"\" width=\"768\" height=\"1024\" srcset=\"https:\/\/bdlire.fr\/wp-content\/uploads\/2020\/08\/IMG_4253-768x1024.jpg 768w, https:\/\/bdlire.fr\/wp-content\/uploads\/2020\/08\/IMG_4253-225x300.jpg 225w, https:\/\/bdlire.fr\/wp-content\/uploads\/2020\/08\/IMG_4253-1152x1536.jpg 1152w, https:\/\/bdlire.fr\/wp-content\/uploads\/2020\/08\/IMG_4253-200x267.jpg 200w, https:\/\/bdlire.fr\/wp-content\/uploads\/2020\/08\/IMG_4253-300x400.jpg 300w, https:\/\/bdlire.fr\/wp-content\/uploads\/2020\/08\/IMG_4253-690x920.jpg 690w, https:\/\/bdlire.fr\/wp-content\/uploads\/2020\/08\/IMG_4253-400x533.jpg 400w, https:\/\/bdlire.fr\/wp-content\/uploads\/2020\/08\/IMG_4253-rotated.jpg 1512w\" sizes=\"(max-width: 768px) 100vw, 768px\" \/><\/p>\n<h3>Mon avis<\/h3>\n<p>L&#8217;histoire est incroyable, le sc\u00e9nario magnifiquement ficel\u00e9 et le dessin d&#8217;une justesse parfaite.\u00a0On ressent d&#8217;abord le poids de la guerre pour deux jeunes orphelins puis la solidarit\u00e9 et l&#8217;envie de s&#8217;en sortir dans un monde qu&#8217;ils ont du mal \u00e0 appr\u00e9hender.\u00a0 Vient ensuite le moment de l&#8217;esp\u00e9rance\u00a0 quand ils \u00e9pousent le discours socialiste de la RDA, manipul\u00e9 par la stasi.<\/p>\n<p>Quand on les retrouve au 1974 autour de la coupe du monde, les deux fr\u00e8res sont devenus des hommes avec leurs convictions mais aussi leurs doutes. L&#8217;\u00e9quilibre parfaitement respect\u00e9 entre l&#8217;histoire des deux fr\u00e8res\u00a0 et la grande histoire politique nous donne l&#8217;impression d&#8217;\u00eatre acteur aux c\u00f4t\u00e9 de Andr\u00e9as et Konrad.<\/p>\n<p>Le regard de jeunes allemands de l&#8217;est qui d\u00e9couvrent l&#8217;ouest nous fait vite sourire avant de nous rappeler que le monde l&#8217;autre c\u00f4t\u00e9 du mur a longtemps exist\u00e9..<\/p>\n<p>En tant qu&#8217;amateur de foot, on est \u00e9galement int\u00e9ress\u00e9 &#8211; voire amus\u00e9 &#8211; de voir l&#8217;affrontement entre Breitner et Beckenbauer.<\/p>\n<p>Sublime. Philippe Collin et S\u00e9bastien Goethals s&#8217;imposent d\u00e9finitivement comme un duo incontournable de la BD ( roman graphique) historique.<\/p>\n<p>&nbsp;<\/p>\n<h3>Nuage de mots<\/h3>\n<h3><img decoding=\"async\" loading=\"lazy\" class=\"alignnone wp-image-5847 size-full\" src=\"https:\/\/bdlire.fr\/wp-content\/uploads\/2020\/08\/nuage-werner.jpg\" alt=\"\" width=\"593\" height=\"499\" srcset=\"https:\/\/bdlire.fr\/wp-content\/uploads\/2020\/08\/nuage-werner.jpg 593w, https:\/\/bdlire.fr\/wp-content\/uploads\/2020\/08\/nuage-werner-300x252.jpg 300w, https:\/\/bdlire.fr\/wp-content\/uploads\/2020\/08\/nuage-werner-200x168.jpg 200w, https:\/\/bdlire.fr\/wp-content\/uploads\/2020\/08\/nuage-werner-400x337.jpg 400w\" sizes=\"(max-width: 593px) 100vw, 593px\" \/><\/h3>\n<p>&nbsp;<\/p>\n<h3>Comment j&#8217;y suis venu<\/h3>\n<p>J&#8217;avais ador\u00e9 &#8220;Le Voyage de Marcel Grob&#8221; (https:\/\/bdlire.fr\/index.php\/projects\/le-voyage-de-marcel-grob-de-collin-et-goethals\/), je me suis donc pr\u00e9cipit\u00e9 sur leur nouvel opus. L&#8217;histoire est cette fois moins personnelle mais elle est toujours aussi forte.<\/p>\n<p>&nbsp;<\/p>\n<h3>La patrie des fr\u00e8res Werner &#8211; de Philippe Collin et S\u00e9bastien Goethals aux \u00e9ditions Futuropolis<\/h3>\n<p>Sortie en ao\u00fbt 2020<\/p>\n","protected":false},"excerpt":{"rendered":"<p>R\u00e9sum\u00e9 En 1945, Konrad et Andreas Werner, orphelins juifs allemands de la guerre veillent l&#8217;un sur l&#8217;autre dans un Berlin pass\u00e9 sous le joug russe. Quand Andr\u00e9as, le plus jeune, tombe malade, Konrad se rend <a class=\"read-more\" href=\"https:\/\/bdlire.fr\/index.php\/2020\/08\/30\/la-patrie-des-freres-werner-de-philippe-collin-et-sebastien-goethals\/\">&#8230;<\/a><\/p>\n","protected":false},"author":2,"featured_media":5758,"comment_status":"open","ping_status":"open","sticky":false,"template":"","format":"standard","meta":{"_mi_skip_tracking":false,"cybocfi_hide_featured_image":"","yasr_overall_rating":0,"yasr_post_is_review":"","yasr_auto_insert_disabled":"","yasr_review_type":""},"categories":[225,25,28],"tags":[90,54,36],"yoast_head":"<!-- This site is optimized with the Yoast SEO plugin v20.6 - https:\/\/yoast.com\/wordpress\/plugins\/seo\/ -->\n<title>La patrie des fr\u00e8res Werner de Philippe Collin et S\u00e9bastien Goethals - BDLIRE<\/title>\n<meta name=\"robots\" content=\"index, follow, max-snippet:-1, max-image-preview:large, max-video-preview:-1\" \/>\n<link rel=\"canonical\" href=\"https:\/\/bdlire.fr\/index.php\/2020\/08\/30\/la-patrie-des-freres-werner-de-philippe-collin-et-sebastien-goethals\/\" \/>\n<meta property=\"og:locale\" content=\"fr_FR\" \/>\n<meta property=\"og:type\" content=\"article\" \/>\n<meta property=\"og:title\" content=\"La patrie des fr\u00e8res Werner de Philippe Collin et S\u00e9bastien Goethals - BDLIRE\" \/>\n<meta property=\"og:description\" content=\"R\u00e9sum\u00e9 En 1945, Konrad et Andreas Werner, orphelins juifs allemands de la guerre veillent l&#8217;un sur l&#8217;autre dans un Berlin pass\u00e9 sous le joug russe. Quand Andr\u00e9as, le plus jeune, tombe malade, Konrad se rend ...\" \/>\n<meta property=\"og:url\" content=\"https:\/\/bdlire.fr\/index.php\/2020\/08\/30\/la-patrie-des-freres-werner-de-philippe-collin-et-sebastien-goethals\/\" \/>\n<meta property=\"og:site_name\" content=\"BDLIRE\" \/>\n<meta property=\"article:publisher\" content=\"https:\/\/www.facebook.com\/BDLire\" \/>\n<meta property=\"article:published_time\" content=\"2020-08-30T14:57:23+00:00\" \/>\n<meta property=\"article:modified_time\" content=\"2020-10-22T13:06:31+00:00\" \/>\n<meta property=\"og:image\" content=\"https:\/\/bdlire.fr\/wp-content\/uploads\/2020\/08\/la-patrie-eds-freres-werner.jpg\" \/>\n\t<meta property=\"og:image:width\" content=\"400\" \/>\n\t<meta property=\"og:image:height\" content=\"540\" \/>\n\t<meta property=\"og:image:type\" content=\"image\/jpeg\" \/>\n<meta name=\"author\" content=\"Combattut\" \/>\n<meta name=\"twitter:card\" content=\"summary_large_image\" \/>\n<meta name=\"twitter:creator\" content=\"@bd_lire\" \/>\n<meta name=\"twitter:site\" content=\"@bd_lire\" \/>\n<meta name=\"twitter:label1\" content=\"\u00c9crit par\" \/>\n\t<meta name=\"twitter:data1\" content=\"Combattut\" \/>\n\t<meta name=\"twitter:label2\" content=\"Dur\u00e9e de lecture estim\u00e9e\" \/>\n\t<meta name=\"twitter:data2\" content=\"2 minutes\" \/>\n<script type=\"application\/ld+json\" class=\"yoast-schema-graph\">{\"@context\":\"https:\/\/schema.org\",\"@graph\":[{\"@type\":\"Article\",\"@id\":\"https:\/\/bdlire.fr\/index.php\/2020\/08\/30\/la-patrie-des-freres-werner-de-philippe-collin-et-sebastien-goethals\/#article\",\"isPartOf\":{\"@id\":\"https:\/\/bdlire.fr\/index.php\/2020\/08\/30\/la-patrie-des-freres-werner-de-philippe-collin-et-sebastien-goethals\/\"},\"author\":{\"name\":\"Combattut\",\"@id\":\"https:\/\/bdlire.fr\/#\/schema\/person\/abaed4593b2478bea68f6a088dbf26bb\"},\"headline\":\"La patrie des fr\u00e8res Werner de Philippe Collin et S\u00e9bastien Goethals\",\"datePublished\":\"2020-08-30T14:57:23+00:00\",\"dateModified\":\"2020-10-22T13:06:31+00:00\",\"mainEntityOfPage\":{\"@id\":\"https:\/\/bdlire.fr\/index.php\/2020\/08\/30\/la-patrie-des-freres-werner-de-philippe-collin-et-sebastien-goethals\/\"},\"wordCount\":495,\"commentCount\":0,\"publisher\":{\"@id\":\"https:\/\/bdlire.fr\/#organization\"},\"keywords\":[\"B\u00e9nou\",\"FUTUROPOLIS\",\"Histoire\"],\"articleSection\":[\"Guerre\",\"Histoire\",\"Tous les articles\"],\"inLanguage\":\"fr-FR\",\"potentialAction\":[{\"@type\":\"CommentAction\",\"name\":\"Comment\",\"target\":[\"https:\/\/bdlire.fr\/index.php\/2020\/08\/30\/la-patrie-des-freres-werner-de-philippe-collin-et-sebastien-goethals\/#respond\"]}]},{\"@type\":\"WebPage\",\"@id\":\"https:\/\/bdlire.fr\/index.php\/2020\/08\/30\/la-patrie-des-freres-werner-de-philippe-collin-et-sebastien-goethals\/\",\"url\":\"https:\/\/bdlire.fr\/index.php\/2020\/08\/30\/la-patrie-des-freres-werner-de-philippe-collin-et-sebastien-goethals\/\",\"name\":\"La patrie des fr\u00e8res Werner de Philippe Collin et S\u00e9bastien Goethals - BDLIRE\",\"isPartOf\":{\"@id\":\"https:\/\/bdlire.fr\/#website\"},\"datePublished\":\"2020-08-30T14:57:23+00:00\",\"dateModified\":\"2020-10-22T13:06:31+00:00\",\"breadcrumb\":{\"@id\":\"https:\/\/bdlire.fr\/index.php\/2020\/08\/30\/la-patrie-des-freres-werner-de-philippe-collin-et-sebastien-goethals\/#breadcrumb\"},\"inLanguage\":\"fr-FR\",\"potentialAction\":[{\"@type\":\"ReadAction\",\"target\":[\"https:\/\/bdlire.fr\/index.php\/2020\/08\/30\/la-patrie-des-freres-werner-de-philippe-collin-et-sebastien-goethals\/\"]}]},{\"@type\":\"BreadcrumbList\",\"@id\":\"https:\/\/bdlire.fr\/index.php\/2020\/08\/30\/la-patrie-des-freres-werner-de-philippe-collin-et-sebastien-goethals\/#breadcrumb\",\"itemListElement\":[{\"@type\":\"ListItem\",\"position\":1,\"name\":\"Accueil\",\"item\":\"https:\/\/bdlire.fr\/\"},{\"@type\":\"ListItem\",\"position\":2,\"name\":\"La patrie des fr\u00e8res Werner de Philippe Collin et S\u00e9bastien Goethals\"}]},{\"@type\":\"WebSite\",\"@id\":\"https:\/\/bdlire.fr\/#website\",\"url\":\"https:\/\/bdlire.fr\/\",\"name\":\"BDLIRE\",\"description\":\"Des BDs et des d\u00e9lires\",\"publisher\":{\"@id\":\"https:\/\/bdlire.fr\/#organization\"},\"potentialAction\":[{\"@type\":\"SearchAction\",\"target\":{\"@type\":\"EntryPoint\",\"urlTemplate\":\"https:\/\/bdlire.fr\/?s={search_term_string}\"},\"query-input\":\"required name=search_term_string\"}],\"inLanguage\":\"fr-FR\"},{\"@type\":\"Organization\",\"@id\":\"https:\/\/bdlire.fr\/#organization\",\"name\":\"BDLIRE\",\"url\":\"https:\/\/bdlire.fr\/\",\"logo\":{\"@type\":\"ImageObject\",\"inLanguage\":\"fr-FR\",\"@id\":\"https:\/\/bdlire.fr\/#\/schema\/logo\/image\/\",\"url\":\"https:\/\/bdlire.fr\/wp-content\/uploads\/2019\/01\/logo-bdlire.png\",\"contentUrl\":\"https:\/\/bdlire.fr\/wp-content\/uploads\/2019\/01\/logo-bdlire.png\",\"width\":200,\"height\":80,\"caption\":\"BDLIRE\"},\"image\":{\"@id\":\"https:\/\/bdlire.fr\/#\/schema\/logo\/image\/\"},\"sameAs\":[\"https:\/\/www.facebook.com\/BDLire\",\"https:\/\/twitter.com\/bd_lire\",\"https:\/\/www.instagram.com\/bdlire_2020\/\"]},{\"@type\":\"Person\",\"@id\":\"https:\/\/bdlire.fr\/#\/schema\/person\/abaed4593b2478bea68f6a088dbf26bb\",\"name\":\"Combattut\",\"image\":{\"@type\":\"ImageObject\",\"inLanguage\":\"fr-FR\",\"@id\":\"https:\/\/bdlire.fr\/#\/schema\/person\/image\/\",\"url\":\"https:\/\/secure.gravatar.com\/avatar\/9a5333a44db413ece53b24965bfbc87b?s=96&d=mm&r=g\",\"contentUrl\":\"https:\/\/secure.gravatar.com\/avatar\/9a5333a44db413ece53b24965bfbc87b?s=96&d=mm&r=g\",\"caption\":\"Combattut\"},\"sameAs\":[\"http:\/\/www.bdlire.fr\"],\"url\":\"https:\/\/bdlire.fr\/index.php\/author\/thibaut\/\"}]}<\/script>\n<!-- \/ Yoast SEO plugin. -->","yoast_head_json":{"title":"La patrie des fr\u00e8res Werner de Philippe Collin et S\u00e9bastien Goethals - BDLIRE","robots":{"index":"index","follow":"follow","max-snippet":"max-snippet:-1","max-image-preview":"max-image-preview:large","max-video-preview":"max-video-preview:-1"},"canonical":"https:\/\/bdlire.fr\/index.php\/2020\/08\/30\/la-patrie-des-freres-werner-de-philippe-collin-et-sebastien-goethals\/","og_locale":"fr_FR","og_type":"article","og_title":"La patrie des fr\u00e8res Werner de Philippe Collin et S\u00e9bastien Goethals - BDLIRE","og_description":"R\u00e9sum\u00e9 En 1945, Konrad et Andreas Werner, orphelins juifs allemands de la guerre veillent l&#8217;un sur l&#8217;autre dans un Berlin pass\u00e9 sous le joug russe. Quand Andr\u00e9as, le plus jeune, tombe malade, Konrad se rend ...","og_url":"https:\/\/bdlire.fr\/index.php\/2020\/08\/30\/la-patrie-des-freres-werner-de-philippe-collin-et-sebastien-goethals\/","og_site_name":"BDLIRE","article_publisher":"https:\/\/www.facebook.com\/BDLire","article_published_time":"2020-08-30T14:57:23+00:00","article_modified_time":"2020-10-22T13:06:31+00:00","og_image":[{"width":400,"height":540,"url":"https:\/\/bdlire.fr\/wp-content\/uploads\/2020\/08\/la-patrie-eds-freres-werner.jpg","type":"image\/jpeg"}],"author":"Combattut","twitter_card":"summary_large_image","twitter_creator":"@bd_lire","twitter_site":"@bd_lire","twitter_misc":{"\u00c9crit par":"Combattut","Dur\u00e9e de lecture estim\u00e9e":"2 minutes"},"schema":{"@context":"https:\/\/schema.org","@graph":[{"@type":"Article","@id":"https:\/\/bdlire.fr\/index.php\/2020\/08\/30\/la-patrie-des-freres-werner-de-philippe-collin-et-sebastien-goethals\/#article","isPartOf":{"@id":"https:\/\/bdlire.fr\/index.php\/2020\/08\/30\/la-patrie-des-freres-werner-de-philippe-collin-et-sebastien-goethals\/"},"author":{"name":"Combattut","@id":"https:\/\/bdlire.fr\/#\/schema\/person\/abaed4593b2478bea68f6a088dbf26bb"},"headline":"La patrie des fr\u00e8res Werner de Philippe Collin et S\u00e9bastien Goethals","datePublished":"2020-08-30T14:57:23+00:00","dateModified":"2020-10-22T13:06:31+00:00","mainEntityOfPage":{"@id":"https:\/\/bdlire.fr\/index.php\/2020\/08\/30\/la-patrie-des-freres-werner-de-philippe-collin-et-sebastien-goethals\/"},"wordCount":495,"commentCount":0,"publisher":{"@id":"https:\/\/bdlire.fr\/#organization"},"keywords":["B\u00e9nou","FUTUROPOLIS","Histoire"],"articleSection":["Guerre","Histoire","Tous les articles"],"inLanguage":"fr-FR","potentialAction":[{"@type":"CommentAction","name":"Comment","target":["https:\/\/bdlire.fr\/index.php\/2020\/08\/30\/la-patrie-des-freres-werner-de-philippe-collin-et-sebastien-goethals\/#respond"]}]},{"@type":"WebPage","@id":"https:\/\/bdlire.fr\/index.php\/2020\/08\/30\/la-patrie-des-freres-werner-de-philippe-collin-et-sebastien-goethals\/","url":"https:\/\/bdlire.fr\/index.php\/2020\/08\/30\/la-patrie-des-freres-werner-de-philippe-collin-et-sebastien-goethals\/","name":"La patrie des fr\u00e8res Werner de Philippe Collin et S\u00e9bastien Goethals - BDLIRE","isPartOf":{"@id":"https:\/\/bdlire.fr\/#website"},"datePublished":"2020-08-30T14:57:23+00:00","dateModified":"2020-10-22T13:06:31+00:00","breadcrumb":{"@id":"https:\/\/bdlire.fr\/index.php\/2020\/08\/30\/la-patrie-des-freres-werner-de-philippe-collin-et-sebastien-goethals\/#breadcrumb"},"inLanguage":"fr-FR","potentialAction":[{"@type":"ReadAction","target":["https:\/\/bdlire.fr\/index.php\/2020\/08\/30\/la-patrie-des-freres-werner-de-philippe-collin-et-sebastien-goethals\/"]}]},{"@type":"BreadcrumbList","@id":"https:\/\/bdlire.fr\/index.php\/2020\/08\/30\/la-patrie-des-freres-werner-de-philippe-collin-et-sebastien-goethals\/#breadcrumb","itemListElement":[{"@type":"ListItem","position":1,"name":"Accueil","item":"https:\/\/bdlire.fr\/"},{"@type":"ListItem","position":2,"name":"La patrie des fr\u00e8res Werner de Philippe Collin et S\u00e9bastien Goethals"}]},{"@type":"WebSite","@id":"https:\/\/bdlire.fr\/#website","url":"https:\/\/bdlire.fr\/","name":"BDLIRE","description":"Des BDs et des d\u00e9lires","publisher":{"@id":"https:\/\/bdlire.fr\/#organization"},"potentialAction":[{"@type":"SearchAction","target":{"@type":"EntryPoint","urlTemplate":"https:\/\/bdlire.fr\/?s={search_term_string}"},"query-input":"required name=search_term_string"}],"inLanguage":"fr-FR"},{"@type":"Organization","@id":"https:\/\/bdlire.fr\/#organization","name":"BDLIRE","url":"https:\/\/bdlire.fr\/","logo":{"@type":"ImageObject","inLanguage":"fr-FR","@id":"https:\/\/bdlire.fr\/#\/schema\/logo\/image\/","url":"https:\/\/bdlire.fr\/wp-content\/uploads\/2019\/01\/logo-bdlire.png","contentUrl":"https:\/\/bdlire.fr\/wp-content\/uploads\/2019\/01\/logo-bdlire.png","width":200,"height":80,"caption":"BDLIRE"},"image":{"@id":"https:\/\/bdlire.fr\/#\/schema\/logo\/image\/"},"sameAs":["https:\/\/www.facebook.com\/BDLire","https:\/\/twitter.com\/bd_lire","https:\/\/www.instagram.com\/bdlire_2020\/"]},{"@type":"Person","@id":"https:\/\/bdlire.fr\/#\/schema\/person\/abaed4593b2478bea68f6a088dbf26bb","name":"Combattut","image":{"@type":"ImageObject","inLanguage":"fr-FR","@id":"https:\/\/bdlire.fr\/#\/schema\/person\/image\/","url":"https:\/\/secure.gravatar.com\/avatar\/9a5333a44db413ece53b24965bfbc87b?s=96&d=mm&r=g","contentUrl":"https:\/\/secure.gravatar.com\/avatar\/9a5333a44db413ece53b24965bfbc87b?s=96&d=mm&r=g","caption":"Combattut"},"sameAs":["http:\/\/www.bdlire.fr"],"url":"https:\/\/bdlire.fr\/index.php\/author\/thibaut\/"}]}},"yasr_visitor_votes":{"stars_attributes":{"read_only":false,"span_bottom":false},"number_of_votes":2,"sum_votes":10},"_links":{"self":[{"href":"https:\/\/bdlire.fr\/index.php\/wp-json\/wp\/v2\/posts\/5846"}],"collection":[{"href":"https:\/\/bdlire.fr\/index.php\/wp-json\/wp\/v2\/posts"}],"about":[{"href":"https:\/\/bdlire.fr\/index.php\/wp-json\/wp\/v2\/types\/post"}],"author":[{"embeddable":true,"href":"https:\/\/bdlire.fr\/index.php\/wp-json\/wp\/v2\/users\/2"}],"replies":[{"embeddable":true,"href":"https:\/\/bdlire.fr\/index.php\/wp-json\/wp\/v2\/comments?post=5846"}],"version-history":[{"count":4,"href":"https:\/\/bdlire.fr\/index.php\/wp-json\/wp\/v2\/posts\/5846\/revisions"}],"predecessor-version":[{"id":5852,"href":"https:\/\/bdlire.fr\/index.php\/wp-json\/wp\/v2\/posts\/5846\/revisions\/5852"}],"wp:featuredmedia":[{"embeddable":true,"href":"https:\/\/bdlire.fr\/index.php\/wp-json\/wp\/v2\/media\/5758"}],"wp:attachment":[{"href":"https:\/\/bdlire.fr\/index.php\/wp-json\/wp\/v2\/media?parent=5846"}],"wp:term":[{"taxonomy":"category","embeddable":true,"href":"https:\/\/bdlire.fr\/index.php\/wp-json\/wp\/v2\/categories?post=5846"},{"taxonomy":"post_tag","embeddable":true,"href":"https:\/\/bdlire.fr\/index.php\/wp-json\/wp\/v2\/tags?post=5846"}],"curies":[{"name":"wp","href":"https:\/\/api.w.org\/{rel}","templated":true}]}}