{"id":5380,"date":"2020-07-12T21:22:49","date_gmt":"2020-07-12T19:22:49","guid":{"rendered":"https:\/\/bdlire.fr\/?p=5380"},"modified":"2020-07-12T22:07:41","modified_gmt":"2020-07-12T20:07:41","slug":"le-marquis-danaon-de-fabien-vehlmann-et-matthieu-bonhomme","status":"publish","type":"post","link":"https:\/\/bdlire.fr\/index.php\/2020\/07\/12\/le-marquis-danaon-de-fabien-vehlmann-et-matthieu-bonhomme\/","title":{"rendered":"Le marquis d&#8217;Anaon de Fabien Vehlmann et Matthieu Bonhomme"},"content":{"rendered":"<div style='text-align:left' class='yasr-auto-insert-visitor'><\/div><h3>R\u00e9sum\u00e9<\/h3>\n<p>Cet album est la version int\u00e9grale des 5 tomes du Marquis d&#8217;Anaon sorti entre 2002 et 2009. Les albums racontent les aventures de Jean-Baptiste Poulain, ancien \u00e9tudiant en m\u00e9decine au 18\u00e8me si\u00e8cle en France. Le h\u00e9ros est une sorte de Sherlock Holmes avant l&#8217;heure qui traverse le royaume de France pour enqu\u00eater sur des crimes sordides commis \u00e0 la suite de ph\u00e9nom\u00e8nes inexplicables. Disciple de Descartes et emprunt de l&#8217;esprit des lumi\u00e8res avant l&#8217;heure, il parcourt les r\u00e9gions les plus recul\u00e9es pour d\u00e9fendre la veuve et l&#8217;orphelin et am\u00e9liorer ses connaissances surnaturelles.<\/p>\n<p>En fonction des aventures, il enqu\u00eate sur un curieux h\u00f4pital situ\u00e9 sur une \u00eele au large de la Bretagne, une statue de la vierge noire au milieu de l&#8217;Auvergne, un vaisseau fant\u00f4me, la b\u00eate du G\u00e9vaudan dans le Dauphin\u00e9 et au final en Egypte autour de la c\u00e9l\u00e8bre pyramide de Kh\u00e9ops. Chaque aventure nous sert une \u00e9nigme sordide \u00e0 la limite du surnaturel et une galerie de portraits de suspects, t\u00e9moins ou victimes haute en couleurs.<\/p>\n<p>Dans cet univers sauvage, violent, rempli de folklores et de mysticismes, Jean Baptiste d\u00e9ploie des tr\u00e9sors d&#8217;intelligence et d&#8217;astuces pour faire triompher le bien et pousser le malin dans ses derniers retranchements.<\/p>\n<p><img decoding=\"async\" loading=\"lazy\" class=\"size-full wp-image-5383 aligncenter\" src=\"https:\/\/bdlire.fr\/wp-content\/uploads\/2020\/07\/lemarquisdanaon.jpg\" alt=\"le-marquis-d-anaon\" width=\"1190\" height=\"963\" srcset=\"https:\/\/bdlire.fr\/wp-content\/uploads\/2020\/07\/lemarquisdanaon.jpg 1190w, https:\/\/bdlire.fr\/wp-content\/uploads\/2020\/07\/lemarquisdanaon-300x243.jpg 300w, https:\/\/bdlire.fr\/wp-content\/uploads\/2020\/07\/lemarquisdanaon-1024x829.jpg 1024w, https:\/\/bdlire.fr\/wp-content\/uploads\/2020\/07\/lemarquisdanaon-768x621.jpg 768w, https:\/\/bdlire.fr\/wp-content\/uploads\/2020\/07\/lemarquisdanaon-200x162.jpg 200w, https:\/\/bdlire.fr\/wp-content\/uploads\/2020\/07\/lemarquisdanaon-690x558.jpg 690w, https:\/\/bdlire.fr\/wp-content\/uploads\/2020\/07\/lemarquisdanaon-400x324.jpg 400w\" sizes=\"(max-width: 1190px) 100vw, 1190px\" \/><\/p>\n<p>Les albums alternent entre huis-clos inqui\u00e9tants, vastes \u00e9tendus enneig\u00e9es et exotisme de l&#8217;orient, une v\u00e9ritable invitation \u00e0 la r\u00eaverie.<\/p>\n<p>Un vrai coup de c\u0153ur pour le dernier tome, la chambre de Kh\u00e9ops, s\u00e9lection officielle m\u00e9rit\u00e9e du festival d&#8217;Angoul\u00eame 2009.<\/p>\n<h3>Mon avis<\/h3>\n<p>Avec le marquis d&#8217;Anaon, on renoue pour un temps avec les grandes aventures de la bande dessin\u00e9e historique ou romanc\u00e9e du 16eme, 17eme et 18eme si\u00e8cle, celle des 7 vies de l&#8217;\u00e9pervier ou des passagers du vent. Un contexte historique ou la raison commence \u00e0 disputer la main mise de l&#8217;obscurantisme sur les populations, des personnages en qu\u00eate d&#8217;un destin hors du commun et une histoire passionnante de bout en bout. A ce jeu, le marquis d&#8217;Arnaon n&#8217;a pas \u00e0 rougir de ses illustres a\u00een\u00e9s.<\/p>\n<p>Le sc\u00e9nario de chaque album est prenant avec une intrigue \u00e0 la limite du surnaturel ch\u00e8re \u00e0 Conan Doyle, Edgar Alan Poe, Gaston Leroux ou Maurice Leblanc, des d\u00e9cors magnifiques, une ambiance sombre et glauque \u00e0 souhait et un h\u00e9ros sorte de Barry Lindon, le c\u00f4t\u00e9 opportuniste en moins. Le h\u00e9ros lui m\u00eame poss\u00e8de une psychologie int\u00e9ressante qui \u00e9volue au fur et \u00e0 mesure des albums. On a v\u00e9ritablement le sentiment qu&#8217;il gagne en maturit\u00e9 \u00e0 chaque \u00e9pisode.<\/p>\n<p><img decoding=\"async\" loading=\"lazy\" class=\"size-full wp-image-5386 aligncenter\" src=\"https:\/\/bdlire.fr\/wp-content\/uploads\/2020\/07\/marquisanaon2.jpg\" alt=\"marquis-anaon\" width=\"650\" height=\"866\" srcset=\"https:\/\/bdlire.fr\/wp-content\/uploads\/2020\/07\/marquisanaon2.jpg 650w, https:\/\/bdlire.fr\/wp-content\/uploads\/2020\/07\/marquisanaon2-225x300.jpg 225w, https:\/\/bdlire.fr\/wp-content\/uploads\/2020\/07\/marquisanaon2-200x266.jpg 200w, https:\/\/bdlire.fr\/wp-content\/uploads\/2020\/07\/marquisanaon2-300x400.jpg 300w, https:\/\/bdlire.fr\/wp-content\/uploads\/2020\/07\/marquisanaon2-400x533.jpg 400w\" sizes=\"(max-width: 650px) 100vw, 650px\" \/><\/p>\n<p>Le dessin de Mathieu Bonhomme a apport\u00e9 \u00e0 sa sortie un vent de fra\u00eecheur au style franco-belge. Le trait est nerveux et pr\u00e9cis et les images sont magnifi\u00e9es par les couleurs de Delf. Le dessin est d\u00e9pouill\u00e9, simplifi\u00e9 \u00e0 l\u2019extr\u00eame avec certains choix de cadrages \u00e9tonnants comme dans le tome 3 lors de la rencontre avec le bateau fant\u00f4me ou le tome 4 avec la chasse en montagne. Les personnages ont des &#8220;gueules&#8221; particuli\u00e8rement expressives. Matthieu nous offre une galerie de portraits vivants de la soci\u00e9t\u00e9 du 18eme si\u00e8cle, une vraie r\u00e9ussite. D&#8217;ailleurs le dessinateur confesse s&#8217;inspirer beaucoup de personnages r\u00e9els pour construire des portraits cr\u00e9dibles.<\/p>\n<p>A d\u00e9couvrir ou relire sans mod\u00e9ration.<\/p>\n<h3>Pourquoi vous allez aimer<\/h3>\n<p>Si vous \u00eates nostalgique des passagers du vent ou des 7 vies de l&#8217;\u00e9pervier, cette bande dessin\u00e9e est faite pour vous.<\/p>\n<h3>D\u00e9tails<\/h3>\n<ul style=\"-webkit-padding-start: 18px;\" type=\"circle\">\n<li>\u00c9diteur : DARGAUD<\/li>\n<li>Nombre de tomes : Int\u00e9grale, tomes 1 \u00e0 5<\/li>\n<li>Parution : Entre 2002 et 2009<\/li>\n<li>Sc\u00e9nario :Fabien VEHLMANN<\/li>\n<li>Dessin : Matthieu BONHOMME<\/li>\n<li>Couleur : DELF<\/li>\n<\/ul>\n","protected":false},"excerpt":{"rendered":"<p>R\u00e9sum\u00e9 Cet album est la version int\u00e9grale des 5 tomes du Marquis d&#8217;Anaon sorti entre 2002 et 2009. Les albums racontent les aventures de Jean-Baptiste Poulain, ancien \u00e9tudiant en m\u00e9decine au 18\u00e8me si\u00e8cle en France. <a class=\"read-more\" href=\"https:\/\/bdlire.fr\/index.php\/2020\/07\/12\/le-marquis-danaon-de-fabien-vehlmann-et-matthieu-bonhomme\/\">&#8230;<\/a><\/p>\n","protected":false},"author":1,"featured_media":5381,"comment_status":"open","ping_status":"open","sticky":false,"template":"","format":"standard","meta":{"_mi_skip_tracking":false,"cybocfi_hide_featured_image":"","yasr_overall_rating":0,"yasr_post_is_review":"","yasr_auto_insert_disabled":"","yasr_review_type":""},"categories":[25,5],"tags":[255,257,36,132,256],"yoast_head":"<!-- This site is optimized with the Yoast SEO plugin v20.6 - https:\/\/yoast.com\/wordpress\/plugins\/seo\/ -->\n<title>Le marquis d&#039;Anaon de Fabien Vehlmann et Matthieu Bonhomme - BDLIRE<\/title>\n<meta name=\"robots\" content=\"index, follow, max-snippet:-1, max-image-preview:large, max-video-preview:-1\" \/>\n<link rel=\"canonical\" href=\"https:\/\/bdlire.fr\/index.php\/2020\/07\/12\/le-marquis-danaon-de-fabien-vehlmann-et-matthieu-bonhomme\/\" \/>\n<meta property=\"og:locale\" content=\"fr_FR\" \/>\n<meta property=\"og:type\" content=\"article\" \/>\n<meta property=\"og:title\" content=\"Le marquis d&#039;Anaon de Fabien Vehlmann et Matthieu Bonhomme - BDLIRE\" \/>\n<meta property=\"og:description\" content=\"R\u00e9sum\u00e9 Cet album est la version int\u00e9grale des 5 tomes du Marquis d&#8217;Anaon sorti entre 2002 et 2009. Les albums racontent les aventures de Jean-Baptiste Poulain, ancien \u00e9tudiant en m\u00e9decine au 18\u00e8me si\u00e8cle en France. ...\" \/>\n<meta property=\"og:url\" content=\"https:\/\/bdlire.fr\/index.php\/2020\/07\/12\/le-marquis-danaon-de-fabien-vehlmann-et-matthieu-bonhomme\/\" \/>\n<meta property=\"og:site_name\" content=\"BDLIRE\" \/>\n<meta property=\"article:publisher\" content=\"https:\/\/www.facebook.com\/BDLire\" \/>\n<meta property=\"article:published_time\" content=\"2020-07-12T19:22:49+00:00\" \/>\n<meta property=\"article:modified_time\" content=\"2020-07-12T20:07:41+00:00\" \/>\n<meta property=\"og:image\" content=\"https:\/\/bdlire.fr\/wp-content\/uploads\/2020\/07\/marquisanaon.jpg\" \/>\n\t<meta property=\"og:image:width\" content=\"400\" \/>\n\t<meta property=\"og:image:height\" content=\"532\" \/>\n\t<meta property=\"og:image:type\" content=\"image\/jpeg\" \/>\n<meta name=\"author\" content=\"Garbeurg\" \/>\n<meta name=\"twitter:card\" content=\"summary_large_image\" \/>\n<meta name=\"twitter:creator\" content=\"@bd_lire\" \/>\n<meta name=\"twitter:site\" content=\"@bd_lire\" \/>\n<meta name=\"twitter:label1\" content=\"\u00c9crit par\" \/>\n\t<meta name=\"twitter:data1\" content=\"Garbeurg\" \/>\n\t<meta name=\"twitter:label2\" content=\"Dur\u00e9e de lecture estim\u00e9e\" \/>\n\t<meta name=\"twitter:data2\" content=\"3 minutes\" \/>\n<script type=\"application\/ld+json\" class=\"yoast-schema-graph\">{\"@context\":\"https:\/\/schema.org\",\"@graph\":[{\"@type\":\"Article\",\"@id\":\"https:\/\/bdlire.fr\/index.php\/2020\/07\/12\/le-marquis-danaon-de-fabien-vehlmann-et-matthieu-bonhomme\/#article\",\"isPartOf\":{\"@id\":\"https:\/\/bdlire.fr\/index.php\/2020\/07\/12\/le-marquis-danaon-de-fabien-vehlmann-et-matthieu-bonhomme\/\"},\"author\":{\"name\":\"Garbeurg\",\"@id\":\"https:\/\/bdlire.fr\/#\/schema\/person\/9e059b9525246463cbe266a01138c574\"},\"headline\":\"Le marquis d&#8217;Anaon de Fabien Vehlmann et Matthieu Bonhomme\",\"datePublished\":\"2020-07-12T19:22:49+00:00\",\"dateModified\":\"2020-07-12T20:07:41+00:00\",\"mainEntityOfPage\":{\"@id\":\"https:\/\/bdlire.fr\/index.php\/2020\/07\/12\/le-marquis-danaon-de-fabien-vehlmann-et-matthieu-bonhomme\/\"},\"wordCount\":640,\"commentCount\":0,\"publisher\":{\"@id\":\"https:\/\/bdlire.fr\/#organization\"},\"keywords\":[\"2009\",\"Bonhomme\",\"Histoire\",\"policier\",\"Vehlmann\"],\"articleSection\":[\"Histoire\",\"Polar\/thriller\"],\"inLanguage\":\"fr-FR\",\"potentialAction\":[{\"@type\":\"CommentAction\",\"name\":\"Comment\",\"target\":[\"https:\/\/bdlire.fr\/index.php\/2020\/07\/12\/le-marquis-danaon-de-fabien-vehlmann-et-matthieu-bonhomme\/#respond\"]}]},{\"@type\":\"WebPage\",\"@id\":\"https:\/\/bdlire.fr\/index.php\/2020\/07\/12\/le-marquis-danaon-de-fabien-vehlmann-et-matthieu-bonhomme\/\",\"url\":\"https:\/\/bdlire.fr\/index.php\/2020\/07\/12\/le-marquis-danaon-de-fabien-vehlmann-et-matthieu-bonhomme\/\",\"name\":\"Le marquis d'Anaon de Fabien Vehlmann et Matthieu Bonhomme - BDLIRE\",\"isPartOf\":{\"@id\":\"https:\/\/bdlire.fr\/#website\"},\"datePublished\":\"2020-07-12T19:22:49+00:00\",\"dateModified\":\"2020-07-12T20:07:41+00:00\",\"breadcrumb\":{\"@id\":\"https:\/\/bdlire.fr\/index.php\/2020\/07\/12\/le-marquis-danaon-de-fabien-vehlmann-et-matthieu-bonhomme\/#breadcrumb\"},\"inLanguage\":\"fr-FR\",\"potentialAction\":[{\"@type\":\"ReadAction\",\"target\":[\"https:\/\/bdlire.fr\/index.php\/2020\/07\/12\/le-marquis-danaon-de-fabien-vehlmann-et-matthieu-bonhomme\/\"]}]},{\"@type\":\"BreadcrumbList\",\"@id\":\"https:\/\/bdlire.fr\/index.php\/2020\/07\/12\/le-marquis-danaon-de-fabien-vehlmann-et-matthieu-bonhomme\/#breadcrumb\",\"itemListElement\":[{\"@type\":\"ListItem\",\"position\":1,\"name\":\"Accueil\",\"item\":\"https:\/\/bdlire.fr\/\"},{\"@type\":\"ListItem\",\"position\":2,\"name\":\"Le marquis d&#8217;Anaon de Fabien Vehlmann et Matthieu Bonhomme\"}]},{\"@type\":\"WebSite\",\"@id\":\"https:\/\/bdlire.fr\/#website\",\"url\":\"https:\/\/bdlire.fr\/\",\"name\":\"BDLIRE\",\"description\":\"Des BDs et des d\u00e9lires\",\"publisher\":{\"@id\":\"https:\/\/bdlire.fr\/#organization\"},\"potentialAction\":[{\"@type\":\"SearchAction\",\"target\":{\"@type\":\"EntryPoint\",\"urlTemplate\":\"https:\/\/bdlire.fr\/?s={search_term_string}\"},\"query-input\":\"required name=search_term_string\"}],\"inLanguage\":\"fr-FR\"},{\"@type\":\"Organization\",\"@id\":\"https:\/\/bdlire.fr\/#organization\",\"name\":\"BDLIRE\",\"url\":\"https:\/\/bdlire.fr\/\",\"logo\":{\"@type\":\"ImageObject\",\"inLanguage\":\"fr-FR\",\"@id\":\"https:\/\/bdlire.fr\/#\/schema\/logo\/image\/\",\"url\":\"https:\/\/bdlire.fr\/wp-content\/uploads\/2019\/01\/logo-bdlire.png\",\"contentUrl\":\"https:\/\/bdlire.fr\/wp-content\/uploads\/2019\/01\/logo-bdlire.png\",\"width\":200,\"height\":80,\"caption\":\"BDLIRE\"},\"image\":{\"@id\":\"https:\/\/bdlire.fr\/#\/schema\/logo\/image\/\"},\"sameAs\":[\"https:\/\/www.facebook.com\/BDLire\",\"https:\/\/twitter.com\/bd_lire\",\"https:\/\/www.instagram.com\/bdlire_2020\/\"]},{\"@type\":\"Person\",\"@id\":\"https:\/\/bdlire.fr\/#\/schema\/person\/9e059b9525246463cbe266a01138c574\",\"name\":\"Garbeurg\",\"image\":{\"@type\":\"ImageObject\",\"inLanguage\":\"fr-FR\",\"@id\":\"https:\/\/bdlire.fr\/#\/schema\/person\/image\/\",\"url\":\"https:\/\/secure.gravatar.com\/avatar\/5f2cb10a53056919910d6ba8395318b0?s=96&d=mm&r=g\",\"contentUrl\":\"https:\/\/secure.gravatar.com\/avatar\/5f2cb10a53056919910d6ba8395318b0?s=96&d=mm&r=g\",\"caption\":\"Garbeurg\"},\"sameAs\":[\"http:\/\/www.bdlire.fr\"],\"url\":\"https:\/\/bdlire.fr\/index.php\/author\/admin9723\/\"}]}<\/script>\n<!-- \/ Yoast SEO plugin. -->","yoast_head_json":{"title":"Le marquis d'Anaon de Fabien Vehlmann et Matthieu Bonhomme - BDLIRE","robots":{"index":"index","follow":"follow","max-snippet":"max-snippet:-1","max-image-preview":"max-image-preview:large","max-video-preview":"max-video-preview:-1"},"canonical":"https:\/\/bdlire.fr\/index.php\/2020\/07\/12\/le-marquis-danaon-de-fabien-vehlmann-et-matthieu-bonhomme\/","og_locale":"fr_FR","og_type":"article","og_title":"Le marquis d'Anaon de Fabien Vehlmann et Matthieu Bonhomme - BDLIRE","og_description":"R\u00e9sum\u00e9 Cet album est la version int\u00e9grale des 5 tomes du Marquis d&#8217;Anaon sorti entre 2002 et 2009. Les albums racontent les aventures de Jean-Baptiste Poulain, ancien \u00e9tudiant en m\u00e9decine au 18\u00e8me si\u00e8cle en France. ...","og_url":"https:\/\/bdlire.fr\/index.php\/2020\/07\/12\/le-marquis-danaon-de-fabien-vehlmann-et-matthieu-bonhomme\/","og_site_name":"BDLIRE","article_publisher":"https:\/\/www.facebook.com\/BDLire","article_published_time":"2020-07-12T19:22:49+00:00","article_modified_time":"2020-07-12T20:07:41+00:00","og_image":[{"width":400,"height":532,"url":"https:\/\/bdlire.fr\/wp-content\/uploads\/2020\/07\/marquisanaon.jpg","type":"image\/jpeg"}],"author":"Garbeurg","twitter_card":"summary_large_image","twitter_creator":"@bd_lire","twitter_site":"@bd_lire","twitter_misc":{"\u00c9crit par":"Garbeurg","Dur\u00e9e de lecture estim\u00e9e":"3 minutes"},"schema":{"@context":"https:\/\/schema.org","@graph":[{"@type":"Article","@id":"https:\/\/bdlire.fr\/index.php\/2020\/07\/12\/le-marquis-danaon-de-fabien-vehlmann-et-matthieu-bonhomme\/#article","isPartOf":{"@id":"https:\/\/bdlire.fr\/index.php\/2020\/07\/12\/le-marquis-danaon-de-fabien-vehlmann-et-matthieu-bonhomme\/"},"author":{"name":"Garbeurg","@id":"https:\/\/bdlire.fr\/#\/schema\/person\/9e059b9525246463cbe266a01138c574"},"headline":"Le marquis d&#8217;Anaon de Fabien Vehlmann et Matthieu Bonhomme","datePublished":"2020-07-12T19:22:49+00:00","dateModified":"2020-07-12T20:07:41+00:00","mainEntityOfPage":{"@id":"https:\/\/bdlire.fr\/index.php\/2020\/07\/12\/le-marquis-danaon-de-fabien-vehlmann-et-matthieu-bonhomme\/"},"wordCount":640,"commentCount":0,"publisher":{"@id":"https:\/\/bdlire.fr\/#organization"},"keywords":["2009","Bonhomme","Histoire","policier","Vehlmann"],"articleSection":["Histoire","Polar\/thriller"],"inLanguage":"fr-FR","potentialAction":[{"@type":"CommentAction","name":"Comment","target":["https:\/\/bdlire.fr\/index.php\/2020\/07\/12\/le-marquis-danaon-de-fabien-vehlmann-et-matthieu-bonhomme\/#respond"]}]},{"@type":"WebPage","@id":"https:\/\/bdlire.fr\/index.php\/2020\/07\/12\/le-marquis-danaon-de-fabien-vehlmann-et-matthieu-bonhomme\/","url":"https:\/\/bdlire.fr\/index.php\/2020\/07\/12\/le-marquis-danaon-de-fabien-vehlmann-et-matthieu-bonhomme\/","name":"Le marquis d'Anaon de Fabien Vehlmann et Matthieu Bonhomme - BDLIRE","isPartOf":{"@id":"https:\/\/bdlire.fr\/#website"},"datePublished":"2020-07-12T19:22:49+00:00","dateModified":"2020-07-12T20:07:41+00:00","breadcrumb":{"@id":"https:\/\/bdlire.fr\/index.php\/2020\/07\/12\/le-marquis-danaon-de-fabien-vehlmann-et-matthieu-bonhomme\/#breadcrumb"},"inLanguage":"fr-FR","potentialAction":[{"@type":"ReadAction","target":["https:\/\/bdlire.fr\/index.php\/2020\/07\/12\/le-marquis-danaon-de-fabien-vehlmann-et-matthieu-bonhomme\/"]}]},{"@type":"BreadcrumbList","@id":"https:\/\/bdlire.fr\/index.php\/2020\/07\/12\/le-marquis-danaon-de-fabien-vehlmann-et-matthieu-bonhomme\/#breadcrumb","itemListElement":[{"@type":"ListItem","position":1,"name":"Accueil","item":"https:\/\/bdlire.fr\/"},{"@type":"ListItem","position":2,"name":"Le marquis d&#8217;Anaon de Fabien Vehlmann et Matthieu Bonhomme"}]},{"@type":"WebSite","@id":"https:\/\/bdlire.fr\/#website","url":"https:\/\/bdlire.fr\/","name":"BDLIRE","description":"Des BDs et des d\u00e9lires","publisher":{"@id":"https:\/\/bdlire.fr\/#organization"},"potentialAction":[{"@type":"SearchAction","target":{"@type":"EntryPoint","urlTemplate":"https:\/\/bdlire.fr\/?s={search_term_string}"},"query-input":"required name=search_term_string"}],"inLanguage":"fr-FR"},{"@type":"Organization","@id":"https:\/\/bdlire.fr\/#organization","name":"BDLIRE","url":"https:\/\/bdlire.fr\/","logo":{"@type":"ImageObject","inLanguage":"fr-FR","@id":"https:\/\/bdlire.fr\/#\/schema\/logo\/image\/","url":"https:\/\/bdlire.fr\/wp-content\/uploads\/2019\/01\/logo-bdlire.png","contentUrl":"https:\/\/bdlire.fr\/wp-content\/uploads\/2019\/01\/logo-bdlire.png","width":200,"height":80,"caption":"BDLIRE"},"image":{"@id":"https:\/\/bdlire.fr\/#\/schema\/logo\/image\/"},"sameAs":["https:\/\/www.facebook.com\/BDLire","https:\/\/twitter.com\/bd_lire","https:\/\/www.instagram.com\/bdlire_2020\/"]},{"@type":"Person","@id":"https:\/\/bdlire.fr\/#\/schema\/person\/9e059b9525246463cbe266a01138c574","name":"Garbeurg","image":{"@type":"ImageObject","inLanguage":"fr-FR","@id":"https:\/\/bdlire.fr\/#\/schema\/person\/image\/","url":"https:\/\/secure.gravatar.com\/avatar\/5f2cb10a53056919910d6ba8395318b0?s=96&d=mm&r=g","contentUrl":"https:\/\/secure.gravatar.com\/avatar\/5f2cb10a53056919910d6ba8395318b0?s=96&d=mm&r=g","caption":"Garbeurg"},"sameAs":["http:\/\/www.bdlire.fr"],"url":"https:\/\/bdlire.fr\/index.php\/author\/admin9723\/"}]}},"yasr_visitor_votes":{"stars_attributes":{"read_only":false,"span_bottom":false},"number_of_votes":1,"sum_votes":4},"_links":{"self":[{"href":"https:\/\/bdlire.fr\/index.php\/wp-json\/wp\/v2\/posts\/5380"}],"collection":[{"href":"https:\/\/bdlire.fr\/index.php\/wp-json\/wp\/v2\/posts"}],"about":[{"href":"https:\/\/bdlire.fr\/index.php\/wp-json\/wp\/v2\/types\/post"}],"author":[{"embeddable":true,"href":"https:\/\/bdlire.fr\/index.php\/wp-json\/wp\/v2\/users\/1"}],"replies":[{"embeddable":true,"href":"https:\/\/bdlire.fr\/index.php\/wp-json\/wp\/v2\/comments?post=5380"}],"version-history":[{"count":15,"href":"https:\/\/bdlire.fr\/index.php\/wp-json\/wp\/v2\/posts\/5380\/revisions"}],"predecessor-version":[{"id":5402,"href":"https:\/\/bdlire.fr\/index.php\/wp-json\/wp\/v2\/posts\/5380\/revisions\/5402"}],"wp:featuredmedia":[{"embeddable":true,"href":"https:\/\/bdlire.fr\/index.php\/wp-json\/wp\/v2\/media\/5381"}],"wp:attachment":[{"href":"https:\/\/bdlire.fr\/index.php\/wp-json\/wp\/v2\/media?parent=5380"}],"wp:term":[{"taxonomy":"category","embeddable":true,"href":"https:\/\/bdlire.fr\/index.php\/wp-json\/wp\/v2\/categories?post=5380"},{"taxonomy":"post_tag","embeddable":true,"href":"https:\/\/bdlire.fr\/index.php\/wp-json\/wp\/v2\/tags?post=5380"}],"curies":[{"name":"wp","href":"https:\/\/api.w.org\/{rel}","templated":true}]}}