{"id":3692,"date":"2020-03-05T18:00:43","date_gmt":"2020-03-05T17:00:43","guid":{"rendered":"http:\/\/bdlire.fr\/?p=3692"},"modified":"2020-03-05T18:01:17","modified_gmt":"2020-03-05T17:01:17","slug":"prenom-inna-t1-une-enfance-ukrainienne-de-t-azuelos-i-schevchenko-et-s-rochepeau","status":"publish","type":"post","link":"https:\/\/bdlire.fr\/index.php\/2020\/03\/05\/prenom-inna-t1-une-enfance-ukrainienne-de-t-azuelos-i-schevchenko-et-s-rochepeau\/","title":{"rendered":"&#8220;Pr\u00e9nom : Inna &#8211; T1 : Une enfance ukrainienne&#8221; de T. Azuelos, I. Schevchenko et S. Rochepeau"},"content":{"rendered":"<div style='text-align:left' class='yasr-auto-insert-visitor'><\/div><h3>R\u00e9sum\u00e9<\/h3>\n<p>Inna Shevchenko, activiste f\u00e9ministe ukrainienne, est une figure majeure du mouvement Femen.<\/p>\n<p>Enfant elle a grandi \u00e0 Kherson dans une Ukraine toujours mal remise de l&#8217;effondrement de l&#8217;URSS o\u00f9 les petits mafieux comme son oncle font fortune tandis que les gens honn\u00eates comme ses parents perdent peu \u00e0 peu leur rang social. A l&#8217;\u00e9cole, Inna essaye de s&#8217;ouvrir au monde. Elle s&#8217;int\u00e9resse \u00e0 l&#8217;assassinat de Georgui Gongadze, journaliste \u00e9limin\u00e9 par le r\u00e9gime ukrainien. Elle d\u00e9cide alors de devenir journaliste elle aussi. Au fur et \u00e0 mesure qu&#8217;elle grandit, la voix de Inna p\u00e8se de plus en plus dans son \u00e9cole jusqu&#8217;\u00e0 \u00eatre \u00e9lue repr\u00e9sentante des \u00e9l\u00e8ves au conseil de l&#8217;\u00e9cole. Ce sont les premiers pas d&#8217;une femme militante qui sera bient\u00f4t connue dans le monde entier pour ses engagements.<\/p>\n<p><img decoding=\"async\" loading=\"lazy\" class=\"alignnone wp-image-3693 \" src=\"https:\/\/bdlire.fr\/wp-content\/uploads\/2020\/03\/inna.jpeg\" alt=\"\" width=\"580\" height=\"521\" srcset=\"https:\/\/bdlire.fr\/wp-content\/uploads\/2020\/03\/inna.jpeg 848w, https:\/\/bdlire.fr\/wp-content\/uploads\/2020\/03\/inna-300x269.jpeg 300w, https:\/\/bdlire.fr\/wp-content\/uploads\/2020\/03\/inna-768x689.jpeg 768w, https:\/\/bdlire.fr\/wp-content\/uploads\/2020\/03\/inna-200x179.jpeg 200w, https:\/\/bdlire.fr\/wp-content\/uploads\/2020\/03\/inna-690x619.jpeg 690w, https:\/\/bdlire.fr\/wp-content\/uploads\/2020\/03\/inna-400x359.jpeg 400w\" sizes=\"(max-width: 580px) 100vw, 580px\" \/><\/p>\n<h3>Mon avis<\/h3>\n<p>Le mouvement des Femen a marqu\u00e9 son \u00e9poque n d\u00e9fendant des positions pour le droit des femmes mais aussi pour le respect de la d\u00e9mocratie. Leur particularit\u00e9, des manifestations seins nus qui ont troubl\u00e9 aussi bien l&#8217;ordre que l&#8217;opinion public. Le premier tome de &#8220;Pr\u00e9nom &#8211; Inna&#8221; nous raconte comment cette militante internationale a grandi, en \u00e9tant confront\u00e9 \u00e0 la difficult\u00e9 pour une famille honn\u00eate de s&#8217;\u00e9panouir dans un monde en reconstruction apr\u00e8s la chute de l&#8217;URSS.<\/p>\n<p>Les auteurs prennent le temps d&#8217;installer le r\u00e9cit, ne c\u00e8dent pas au sensationnalisme et trouvent le ton juste. Le dessin de Thomas Azuelos retranscrit parfaitement l&#8217;aust\u00e9rit\u00e9 de l&#8217;Ukraine \u00e0 cette \u00e9poque mais aussi l&#8217;\u00e9motion de Inna face au spectacle qui se d\u00e9roule devant ses yeux avant qu&#8217;elle ne d\u00e9cide de prendre la main.<\/p>\n<p>Forcement, on a tr\u00e8s envie d\u00e9sormais de lire la suite.<\/p>\n<p>&nbsp;<\/p>\n<p><img decoding=\"async\" loading=\"lazy\" class=\"alignnone wp-image-3694 size-full\" src=\"https:\/\/bdlire.fr\/wp-content\/uploads\/2020\/03\/vignette-inna-2.jpg\" alt=\"\" width=\"590\" height=\"800\" srcset=\"https:\/\/bdlire.fr\/wp-content\/uploads\/2020\/03\/vignette-inna-2.jpg 590w, https:\/\/bdlire.fr\/wp-content\/uploads\/2020\/03\/vignette-inna-2-221x300.jpg 221w, https:\/\/bdlire.fr\/wp-content\/uploads\/2020\/03\/vignette-inna-2-200x271.jpg 200w, https:\/\/bdlire.fr\/wp-content\/uploads\/2020\/03\/vignette-inna-2-300x407.jpg 300w, https:\/\/bdlire.fr\/wp-content\/uploads\/2020\/03\/vignette-inna-2-400x542.jpg 400w\" sizes=\"(max-width: 590px) 100vw, 590px\" \/><\/p>\n<p>&#8220;Pr\u00e9nom Inna &#8211; Tome 1 &#8211; Une enfance ukrainienne&#8221; de Thomas Azuelos, Inna Schevchenko et Simon Rochepeau<\/p>\n<p>Aux Editions FUTUROPOLIS, paru en F\u00e9vrier 2020<\/p>\n","protected":false},"excerpt":{"rendered":"<p>R\u00e9sum\u00e9 Inna Shevchenko, activiste f\u00e9ministe ukrainienne, est une figure majeure du mouvement Femen. Enfant elle a grandi \u00e0 Kherson dans une Ukraine toujours mal remise de l&#8217;effondrement de l&#8217;URSS o\u00f9 les petits mafieux comme son <a class=\"read-more\" href=\"https:\/\/bdlire.fr\/index.php\/2020\/03\/05\/prenom-inna-t1-une-enfance-ukrainienne-de-t-azuelos-i-schevchenko-et-s-rochepeau\/\">&#8230;<\/a><\/p>\n","protected":false},"author":2,"featured_media":3696,"comment_status":"open","ping_status":"open","sticky":false,"template":"","format":"standard","meta":{"_mi_skip_tracking":false,"cybocfi_hide_featured_image":"","yasr_overall_rating":0,"yasr_post_is_review":"","yasr_auto_insert_disabled":"","yasr_review_type":"Book"},"categories":[25,1,12,28],"tags":[90,54,36],"yoast_head":"<!-- This site is optimized with the Yoast SEO plugin v20.6 - https:\/\/yoast.com\/wordpress\/plugins\/seo\/ -->\n<title>&quot;Pr\u00e9nom : Inna - T1 : Une enfance ukrainienne&quot; de T. Azuelos, I. Schevchenko et S. Rochepeau - BDLIRE<\/title>\n<meta name=\"robots\" content=\"index, follow, max-snippet:-1, max-image-preview:large, max-video-preview:-1\" \/>\n<link rel=\"canonical\" href=\"https:\/\/bdlire.fr\/index.php\/2020\/03\/05\/prenom-inna-t1-une-enfance-ukrainienne-de-t-azuelos-i-schevchenko-et-s-rochepeau\/\" \/>\n<meta property=\"og:locale\" content=\"fr_FR\" \/>\n<meta property=\"og:type\" content=\"article\" \/>\n<meta property=\"og:title\" content=\"&quot;Pr\u00e9nom : Inna - T1 : Une enfance ukrainienne&quot; de T. Azuelos, I. Schevchenko et S. Rochepeau - BDLIRE\" \/>\n<meta property=\"og:description\" content=\"R\u00e9sum\u00e9 Inna Shevchenko, activiste f\u00e9ministe ukrainienne, est une figure majeure du mouvement Femen. Enfant elle a grandi \u00e0 Kherson dans une Ukraine toujours mal remise de l&#8217;effondrement de l&#8217;URSS o\u00f9 les petits mafieux comme son ...\" \/>\n<meta property=\"og:url\" content=\"https:\/\/bdlire.fr\/index.php\/2020\/03\/05\/prenom-inna-t1-une-enfance-ukrainienne-de-t-azuelos-i-schevchenko-et-s-rochepeau\/\" \/>\n<meta property=\"og:site_name\" content=\"BDLIRE\" \/>\n<meta property=\"article:publisher\" content=\"https:\/\/www.facebook.com\/BDLire\" \/>\n<meta property=\"article:published_time\" content=\"2020-03-05T17:00:43+00:00\" \/>\n<meta property=\"article:modified_time\" content=\"2020-03-05T17:01:17+00:00\" \/>\n<meta property=\"og:image\" content=\"https:\/\/bdlire.fr\/wp-content\/uploads\/2020\/03\/Couv_prenom-Inna.jpg\" \/>\n\t<meta property=\"og:image:width\" content=\"200\" \/>\n\t<meta property=\"og:image:height\" content=\"271\" \/>\n\t<meta property=\"og:image:type\" content=\"image\/jpeg\" \/>\n<meta name=\"author\" content=\"Combattut\" \/>\n<meta name=\"twitter:card\" content=\"summary_large_image\" \/>\n<meta name=\"twitter:creator\" content=\"@bd_lire\" \/>\n<meta name=\"twitter:site\" content=\"@bd_lire\" \/>\n<meta name=\"twitter:label1\" content=\"\u00c9crit par\" \/>\n\t<meta name=\"twitter:data1\" content=\"Combattut\" \/>\n\t<meta name=\"twitter:label2\" content=\"Dur\u00e9e de lecture estim\u00e9e\" \/>\n\t<meta name=\"twitter:data2\" content=\"2 minutes\" \/>\n<script type=\"application\/ld+json\" class=\"yoast-schema-graph\">{\"@context\":\"https:\/\/schema.org\",\"@graph\":[{\"@type\":\"Article\",\"@id\":\"https:\/\/bdlire.fr\/index.php\/2020\/03\/05\/prenom-inna-t1-une-enfance-ukrainienne-de-t-azuelos-i-schevchenko-et-s-rochepeau\/#article\",\"isPartOf\":{\"@id\":\"https:\/\/bdlire.fr\/index.php\/2020\/03\/05\/prenom-inna-t1-une-enfance-ukrainienne-de-t-azuelos-i-schevchenko-et-s-rochepeau\/\"},\"author\":{\"name\":\"Combattut\",\"@id\":\"https:\/\/bdlire.fr\/#\/schema\/person\/abaed4593b2478bea68f6a088dbf26bb\"},\"headline\":\"&#8220;Pr\u00e9nom : Inna &#8211; T1 : Une enfance ukrainienne&#8221; de T. Azuelos, I. Schevchenko et S. Rochepeau\",\"datePublished\":\"2020-03-05T17:00:43+00:00\",\"dateModified\":\"2020-03-05T17:01:17+00:00\",\"mainEntityOfPage\":{\"@id\":\"https:\/\/bdlire.fr\/index.php\/2020\/03\/05\/prenom-inna-t1-une-enfance-ukrainienne-de-t-azuelos-i-schevchenko-et-s-rochepeau\/\"},\"wordCount\":347,\"commentCount\":0,\"publisher\":{\"@id\":\"https:\/\/bdlire.fr\/#organization\"},\"keywords\":[\"B\u00e9nou\",\"FUTUROPOLIS\",\"Histoire\"],\"articleSection\":{\"0\":\"Histoire\",\"2\":\"Roman graphique\",\"3\":\"Tous les articles\"},\"inLanguage\":\"fr-FR\",\"potentialAction\":[{\"@type\":\"CommentAction\",\"name\":\"Comment\",\"target\":[\"https:\/\/bdlire.fr\/index.php\/2020\/03\/05\/prenom-inna-t1-une-enfance-ukrainienne-de-t-azuelos-i-schevchenko-et-s-rochepeau\/#respond\"]}]},{\"@type\":\"WebPage\",\"@id\":\"https:\/\/bdlire.fr\/index.php\/2020\/03\/05\/prenom-inna-t1-une-enfance-ukrainienne-de-t-azuelos-i-schevchenko-et-s-rochepeau\/\",\"url\":\"https:\/\/bdlire.fr\/index.php\/2020\/03\/05\/prenom-inna-t1-une-enfance-ukrainienne-de-t-azuelos-i-schevchenko-et-s-rochepeau\/\",\"name\":\"\\\"Pr\u00e9nom : Inna - T1 : Une enfance ukrainienne\\\" de T. Azuelos, I. Schevchenko et S. Rochepeau - BDLIRE\",\"isPartOf\":{\"@id\":\"https:\/\/bdlire.fr\/#website\"},\"datePublished\":\"2020-03-05T17:00:43+00:00\",\"dateModified\":\"2020-03-05T17:01:17+00:00\",\"breadcrumb\":{\"@id\":\"https:\/\/bdlire.fr\/index.php\/2020\/03\/05\/prenom-inna-t1-une-enfance-ukrainienne-de-t-azuelos-i-schevchenko-et-s-rochepeau\/#breadcrumb\"},\"inLanguage\":\"fr-FR\",\"potentialAction\":[{\"@type\":\"ReadAction\",\"target\":[\"https:\/\/bdlire.fr\/index.php\/2020\/03\/05\/prenom-inna-t1-une-enfance-ukrainienne-de-t-azuelos-i-schevchenko-et-s-rochepeau\/\"]}]},{\"@type\":\"BreadcrumbList\",\"@id\":\"https:\/\/bdlire.fr\/index.php\/2020\/03\/05\/prenom-inna-t1-une-enfance-ukrainienne-de-t-azuelos-i-schevchenko-et-s-rochepeau\/#breadcrumb\",\"itemListElement\":[{\"@type\":\"ListItem\",\"position\":1,\"name\":\"Accueil\",\"item\":\"https:\/\/bdlire.fr\/\"},{\"@type\":\"ListItem\",\"position\":2,\"name\":\"&#8220;Pr\u00e9nom : Inna &#8211; T1 : Une enfance ukrainienne&#8221; de T. Azuelos, I. Schevchenko et S. Rochepeau\"}]},{\"@type\":\"WebSite\",\"@id\":\"https:\/\/bdlire.fr\/#website\",\"url\":\"https:\/\/bdlire.fr\/\",\"name\":\"BDLIRE\",\"description\":\"Des BDs et des d\u00e9lires\",\"publisher\":{\"@id\":\"https:\/\/bdlire.fr\/#organization\"},\"potentialAction\":[{\"@type\":\"SearchAction\",\"target\":{\"@type\":\"EntryPoint\",\"urlTemplate\":\"https:\/\/bdlire.fr\/?s={search_term_string}\"},\"query-input\":\"required name=search_term_string\"}],\"inLanguage\":\"fr-FR\"},{\"@type\":\"Organization\",\"@id\":\"https:\/\/bdlire.fr\/#organization\",\"name\":\"BDLIRE\",\"url\":\"https:\/\/bdlire.fr\/\",\"logo\":{\"@type\":\"ImageObject\",\"inLanguage\":\"fr-FR\",\"@id\":\"https:\/\/bdlire.fr\/#\/schema\/logo\/image\/\",\"url\":\"https:\/\/bdlire.fr\/wp-content\/uploads\/2019\/01\/logo-bdlire.png\",\"contentUrl\":\"https:\/\/bdlire.fr\/wp-content\/uploads\/2019\/01\/logo-bdlire.png\",\"width\":200,\"height\":80,\"caption\":\"BDLIRE\"},\"image\":{\"@id\":\"https:\/\/bdlire.fr\/#\/schema\/logo\/image\/\"},\"sameAs\":[\"https:\/\/www.facebook.com\/BDLire\",\"https:\/\/twitter.com\/bd_lire\",\"https:\/\/www.instagram.com\/bdlire_2020\/\"]},{\"@type\":\"Person\",\"@id\":\"https:\/\/bdlire.fr\/#\/schema\/person\/abaed4593b2478bea68f6a088dbf26bb\",\"name\":\"Combattut\",\"image\":{\"@type\":\"ImageObject\",\"inLanguage\":\"fr-FR\",\"@id\":\"https:\/\/bdlire.fr\/#\/schema\/person\/image\/\",\"url\":\"https:\/\/secure.gravatar.com\/avatar\/9a5333a44db413ece53b24965bfbc87b?s=96&d=mm&r=g\",\"contentUrl\":\"https:\/\/secure.gravatar.com\/avatar\/9a5333a44db413ece53b24965bfbc87b?s=96&d=mm&r=g\",\"caption\":\"Combattut\"},\"sameAs\":[\"http:\/\/www.bdlire.fr\"],\"url\":\"https:\/\/bdlire.fr\/index.php\/author\/thibaut\/\"}]}<\/script>\n<!-- \/ Yoast SEO plugin. -->","yoast_head_json":{"title":"\"Pr\u00e9nom : Inna - T1 : Une enfance ukrainienne\" de T. Azuelos, I. Schevchenko et S. Rochepeau - BDLIRE","robots":{"index":"index","follow":"follow","max-snippet":"max-snippet:-1","max-image-preview":"max-image-preview:large","max-video-preview":"max-video-preview:-1"},"canonical":"https:\/\/bdlire.fr\/index.php\/2020\/03\/05\/prenom-inna-t1-une-enfance-ukrainienne-de-t-azuelos-i-schevchenko-et-s-rochepeau\/","og_locale":"fr_FR","og_type":"article","og_title":"\"Pr\u00e9nom : Inna - T1 : Une enfance ukrainienne\" de T. Azuelos, I. Schevchenko et S. Rochepeau - BDLIRE","og_description":"R\u00e9sum\u00e9 Inna Shevchenko, activiste f\u00e9ministe ukrainienne, est une figure majeure du mouvement Femen. Enfant elle a grandi \u00e0 Kherson dans une Ukraine toujours mal remise de l&#8217;effondrement de l&#8217;URSS o\u00f9 les petits mafieux comme son ...","og_url":"https:\/\/bdlire.fr\/index.php\/2020\/03\/05\/prenom-inna-t1-une-enfance-ukrainienne-de-t-azuelos-i-schevchenko-et-s-rochepeau\/","og_site_name":"BDLIRE","article_publisher":"https:\/\/www.facebook.com\/BDLire","article_published_time":"2020-03-05T17:00:43+00:00","article_modified_time":"2020-03-05T17:01:17+00:00","og_image":[{"width":200,"height":271,"url":"https:\/\/bdlire.fr\/wp-content\/uploads\/2020\/03\/Couv_prenom-Inna.jpg","type":"image\/jpeg"}],"author":"Combattut","twitter_card":"summary_large_image","twitter_creator":"@bd_lire","twitter_site":"@bd_lire","twitter_misc":{"\u00c9crit par":"Combattut","Dur\u00e9e de lecture estim\u00e9e":"2 minutes"},"schema":{"@context":"https:\/\/schema.org","@graph":[{"@type":"Article","@id":"https:\/\/bdlire.fr\/index.php\/2020\/03\/05\/prenom-inna-t1-une-enfance-ukrainienne-de-t-azuelos-i-schevchenko-et-s-rochepeau\/#article","isPartOf":{"@id":"https:\/\/bdlire.fr\/index.php\/2020\/03\/05\/prenom-inna-t1-une-enfance-ukrainienne-de-t-azuelos-i-schevchenko-et-s-rochepeau\/"},"author":{"name":"Combattut","@id":"https:\/\/bdlire.fr\/#\/schema\/person\/abaed4593b2478bea68f6a088dbf26bb"},"headline":"&#8220;Pr\u00e9nom : Inna &#8211; T1 : Une enfance ukrainienne&#8221; de T. Azuelos, I. Schevchenko et S. Rochepeau","datePublished":"2020-03-05T17:00:43+00:00","dateModified":"2020-03-05T17:01:17+00:00","mainEntityOfPage":{"@id":"https:\/\/bdlire.fr\/index.php\/2020\/03\/05\/prenom-inna-t1-une-enfance-ukrainienne-de-t-azuelos-i-schevchenko-et-s-rochepeau\/"},"wordCount":347,"commentCount":0,"publisher":{"@id":"https:\/\/bdlire.fr\/#organization"},"keywords":["B\u00e9nou","FUTUROPOLIS","Histoire"],"articleSection":{"0":"Histoire","2":"Roman graphique","3":"Tous les articles"},"inLanguage":"fr-FR","potentialAction":[{"@type":"CommentAction","name":"Comment","target":["https:\/\/bdlire.fr\/index.php\/2020\/03\/05\/prenom-inna-t1-une-enfance-ukrainienne-de-t-azuelos-i-schevchenko-et-s-rochepeau\/#respond"]}]},{"@type":"WebPage","@id":"https:\/\/bdlire.fr\/index.php\/2020\/03\/05\/prenom-inna-t1-une-enfance-ukrainienne-de-t-azuelos-i-schevchenko-et-s-rochepeau\/","url":"https:\/\/bdlire.fr\/index.php\/2020\/03\/05\/prenom-inna-t1-une-enfance-ukrainienne-de-t-azuelos-i-schevchenko-et-s-rochepeau\/","name":"\"Pr\u00e9nom : Inna - T1 : Une enfance ukrainienne\" de T. Azuelos, I. Schevchenko et S. Rochepeau - BDLIRE","isPartOf":{"@id":"https:\/\/bdlire.fr\/#website"},"datePublished":"2020-03-05T17:00:43+00:00","dateModified":"2020-03-05T17:01:17+00:00","breadcrumb":{"@id":"https:\/\/bdlire.fr\/index.php\/2020\/03\/05\/prenom-inna-t1-une-enfance-ukrainienne-de-t-azuelos-i-schevchenko-et-s-rochepeau\/#breadcrumb"},"inLanguage":"fr-FR","potentialAction":[{"@type":"ReadAction","target":["https:\/\/bdlire.fr\/index.php\/2020\/03\/05\/prenom-inna-t1-une-enfance-ukrainienne-de-t-azuelos-i-schevchenko-et-s-rochepeau\/"]}]},{"@type":"BreadcrumbList","@id":"https:\/\/bdlire.fr\/index.php\/2020\/03\/05\/prenom-inna-t1-une-enfance-ukrainienne-de-t-azuelos-i-schevchenko-et-s-rochepeau\/#breadcrumb","itemListElement":[{"@type":"ListItem","position":1,"name":"Accueil","item":"https:\/\/bdlire.fr\/"},{"@type":"ListItem","position":2,"name":"&#8220;Pr\u00e9nom : Inna &#8211; T1 : Une enfance ukrainienne&#8221; de T. Azuelos, I. Schevchenko et S. Rochepeau"}]},{"@type":"WebSite","@id":"https:\/\/bdlire.fr\/#website","url":"https:\/\/bdlire.fr\/","name":"BDLIRE","description":"Des BDs et des d\u00e9lires","publisher":{"@id":"https:\/\/bdlire.fr\/#organization"},"potentialAction":[{"@type":"SearchAction","target":{"@type":"EntryPoint","urlTemplate":"https:\/\/bdlire.fr\/?s={search_term_string}"},"query-input":"required name=search_term_string"}],"inLanguage":"fr-FR"},{"@type":"Organization","@id":"https:\/\/bdlire.fr\/#organization","name":"BDLIRE","url":"https:\/\/bdlire.fr\/","logo":{"@type":"ImageObject","inLanguage":"fr-FR","@id":"https:\/\/bdlire.fr\/#\/schema\/logo\/image\/","url":"https:\/\/bdlire.fr\/wp-content\/uploads\/2019\/01\/logo-bdlire.png","contentUrl":"https:\/\/bdlire.fr\/wp-content\/uploads\/2019\/01\/logo-bdlire.png","width":200,"height":80,"caption":"BDLIRE"},"image":{"@id":"https:\/\/bdlire.fr\/#\/schema\/logo\/image\/"},"sameAs":["https:\/\/www.facebook.com\/BDLire","https:\/\/twitter.com\/bd_lire","https:\/\/www.instagram.com\/bdlire_2020\/"]},{"@type":"Person","@id":"https:\/\/bdlire.fr\/#\/schema\/person\/abaed4593b2478bea68f6a088dbf26bb","name":"Combattut","image":{"@type":"ImageObject","inLanguage":"fr-FR","@id":"https:\/\/bdlire.fr\/#\/schema\/person\/image\/","url":"https:\/\/secure.gravatar.com\/avatar\/9a5333a44db413ece53b24965bfbc87b?s=96&d=mm&r=g","contentUrl":"https:\/\/secure.gravatar.com\/avatar\/9a5333a44db413ece53b24965bfbc87b?s=96&d=mm&r=g","caption":"Combattut"},"sameAs":["http:\/\/www.bdlire.fr"],"url":"https:\/\/bdlire.fr\/index.php\/author\/thibaut\/"}]}},"yasr_visitor_votes":{"stars_attributes":{"read_only":false,"span_bottom":false},"number_of_votes":0,"sum_votes":0},"_links":{"self":[{"href":"https:\/\/bdlire.fr\/index.php\/wp-json\/wp\/v2\/posts\/3692"}],"collection":[{"href":"https:\/\/bdlire.fr\/index.php\/wp-json\/wp\/v2\/posts"}],"about":[{"href":"https:\/\/bdlire.fr\/index.php\/wp-json\/wp\/v2\/types\/post"}],"author":[{"embeddable":true,"href":"https:\/\/bdlire.fr\/index.php\/wp-json\/wp\/v2\/users\/2"}],"replies":[{"embeddable":true,"href":"https:\/\/bdlire.fr\/index.php\/wp-json\/wp\/v2\/comments?post=3692"}],"version-history":[{"count":2,"href":"https:\/\/bdlire.fr\/index.php\/wp-json\/wp\/v2\/posts\/3692\/revisions"}],"predecessor-version":[{"id":3697,"href":"https:\/\/bdlire.fr\/index.php\/wp-json\/wp\/v2\/posts\/3692\/revisions\/3697"}],"wp:featuredmedia":[{"embeddable":true,"href":"https:\/\/bdlire.fr\/index.php\/wp-json\/wp\/v2\/media\/3696"}],"wp:attachment":[{"href":"https:\/\/bdlire.fr\/index.php\/wp-json\/wp\/v2\/media?parent=3692"}],"wp:term":[{"taxonomy":"category","embeddable":true,"href":"https:\/\/bdlire.fr\/index.php\/wp-json\/wp\/v2\/categories?post=3692"},{"taxonomy":"post_tag","embeddable":true,"href":"https:\/\/bdlire.fr\/index.php\/wp-json\/wp\/v2\/tags?post=3692"}],"curies":[{"name":"wp","href":"https:\/\/api.w.org\/{rel}","templated":true}]}}