{"id":1108,"date":"2019-05-12T18:46:06","date_gmt":"2019-05-12T16:46:06","guid":{"rendered":"http:\/\/bdlire.fr\/?p=1108"},"modified":"2019-12-22T15:57:14","modified_gmt":"2019-12-22T14:57:14","slug":"le-patient-de-timothe-le-boucher","status":"publish","type":"post","link":"https:\/\/bdlire.fr\/index.php\/2019\/05\/12\/le-patient-de-timothe-le-boucher\/","title":{"rendered":"LE PATIENT de Timoth\u00e9 Le Boucher"},"content":{"rendered":"<div style='text-align:left' class='yasr-auto-insert-visitor'><\/div><p>Laura Grimaud, 18 ans et attard\u00e9e mentale, couverte de sang et arm\u00e9e d&#8217;un couteau, est arr\u00eat\u00e9e par la police en pleine nuit. Sentant le drame, les policiers se rendent \u00e0 son domicile et tombent sur un v\u00e9ritable massacre. Parents, grand-m\u00e8re, fr\u00e8res et s\u0153urs : ils trouvent 7 cadavres. Seul Pierre est retrouv\u00e9 inanim\u00e9 mais vivant. S&#8217;en suit pur lui un coma de 6 ans. Quand il se r\u00e9veille, il souffre de cauchemars et tarde \u00e0 retrouver de la mobilit\u00e9. Le docteur Anna Kieffer, psychologue, entame alors avec lui une th\u00e9rapie pour l&#8217;aider \u00e0 recouvrer la m\u00e9moire et combattre ses d\u00e9mons. Que s&#8217;est-il r\u00e9ellement pass\u00e9 il y a 6 ans ? Sa s\u0153ur, \u00e9galement suivie par le Docteur Kieffer avant qu&#8217;elle ne se suicide est-elle vraiment la coupable ?<\/p>\n<h3>Le Nuage de mots<\/h3>\n<p><img decoding=\"async\" loading=\"lazy\" class=\"wp-image-1111 aligncenter\" src=\"https:\/\/bdlire.fr\/wp-content\/uploads\/2019\/05\/nuage-patient-300x199.jpg\" alt=\"\" width=\"461\" height=\"306\" srcset=\"https:\/\/bdlire.fr\/wp-content\/uploads\/2019\/05\/nuage-patient-300x199.jpg 300w, https:\/\/bdlire.fr\/wp-content\/uploads\/2019\/05\/nuage-patient-200x133.jpg 200w, https:\/\/bdlire.fr\/wp-content\/uploads\/2019\/05\/nuage-patient-400x266.jpg 400w, https:\/\/bdlire.fr\/wp-content\/uploads\/2019\/05\/nuage-patient.jpg 647w\" sizes=\"(max-width: 461px) 100vw, 461px\" \/><\/p>\n<h3>Mon avis<\/h3>\n<p>On est tout de suite plong\u00e9 au c\u0153ur de ce polar gr\u00e2ce \u00e0 l&#8217;efficacit\u00e9 du sc\u00e9nario. Entre huis clos, flashbacks, et vie au sein de l&#8217;h\u00f4pital, l&#8217;histoire est rythm\u00e9e par des ambiances meurtri\u00e8res, psychologiques et un peu plus l\u00e9g\u00e8res. Le dessin &#8211; discret dans un premier temps &#8211; prend toute sa place et le style manga rajoute \u00e0 cette ambiance haletante. Super polar !! Timoth\u00e9 Le Boucher qui d\u00e9passe \u00e0 peine la trentaine est dans la place&#8230;<\/p>\n<h3>Comment j&#8217;y suis venu ?<\/h3>\n<p>Je n&#8217;ai pas \u00e9t\u00e9 tout de suite attir\u00e9 par la couverture qui &#8211; je ne sais pas trop pourquoi &#8211; me faisait moins pens\u00e9 aux Oiseaux d&#8217;Hitchcock qu&#8217;\u00e0 un film \u00e0 la limite du surnaturel. Ce qui est int\u00e9ressant c&#8217;est que j&#8217;avais eu la m\u00eame sensation avec &#8216;Ces jours qui disparaissent&#8217;. Heureusement, mon bel ami Guillaume A m&#8217;a fortement incit\u00e9 \u00e0 lire &#8216;Le Patient&#8217;. Merci Guigui&#8230;<\/p>\n<p><img decoding=\"async\" loading=\"lazy\" class=\"alignnone size-medium wp-image-1113\" src=\"https:\/\/bdlire.fr\/wp-content\/uploads\/2019\/05\/vignette-2-Le-Patient_case-268x300.jpg\" alt=\"\" width=\"268\" height=\"300\" srcset=\"https:\/\/bdlire.fr\/wp-content\/uploads\/2019\/05\/vignette-2-Le-Patient_case-268x300.jpg 268w, https:\/\/bdlire.fr\/wp-content\/uploads\/2019\/05\/vignette-2-Le-Patient_case-200x224.jpg 200w, https:\/\/bdlire.fr\/wp-content\/uploads\/2019\/05\/vignette-2-Le-Patient_case-300x336.jpg 300w, https:\/\/bdlire.fr\/wp-content\/uploads\/2019\/05\/vignette-2-Le-Patient_case-400x448.jpg 400w, https:\/\/bdlire.fr\/wp-content\/uploads\/2019\/05\/vignette-2-Le-Patient_case.jpg 580w\" sizes=\"(max-width: 268px) 100vw, 268px\" \/><img decoding=\"async\" loading=\"lazy\" class=\"alignnone size-medium wp-image-1112\" src=\"https:\/\/bdlire.fr\/wp-content\/uploads\/2019\/05\/vignette-Le-Patient_planche-1-215x300.jpg\" alt=\"\" width=\"215\" height=\"300\" srcset=\"https:\/\/bdlire.fr\/wp-content\/uploads\/2019\/05\/vignette-Le-Patient_planche-1-215x300.jpg 215w, https:\/\/bdlire.fr\/wp-content\/uploads\/2019\/05\/vignette-Le-Patient_planche-1-200x279.jpg 200w, https:\/\/bdlire.fr\/wp-content\/uploads\/2019\/05\/vignette-Le-Patient_planche-1-300x418.jpg 300w, https:\/\/bdlire.fr\/wp-content\/uploads\/2019\/05\/vignette-Le-Patient_planche-1-400x557.jpg 400w, https:\/\/bdlire.fr\/wp-content\/uploads\/2019\/05\/vignette-Le-Patient_planche-1.jpg 578w\" sizes=\"(max-width: 215px) 100vw, 215px\" \/><\/p>\n<p style=\"text-align: left;\">LE PATIENT de Timoth\u00e9 Le Boucher aux Editions Gl\u00e9nat<\/p>\n<p>Sorti en Avril 2019.<\/p>\n","protected":false},"excerpt":{"rendered":"<p>Laura Grimaud, 18 ans et attard\u00e9e mentale, couverte de sang et arm\u00e9e d&#8217;un couteau, est arr\u00eat\u00e9e par la police en pleine nuit. Sentant le drame, les policiers se rendent \u00e0 son domicile et tombent sur <a class=\"read-more\" href=\"https:\/\/bdlire.fr\/index.php\/2019\/05\/12\/le-patient-de-timothe-le-boucher\/\">&#8230;<\/a><\/p>\n","protected":false},"author":2,"featured_media":1110,"comment_status":"open","ping_status":"open","sticky":false,"template":"","format":"standard","meta":{"_mi_skip_tracking":false,"cybocfi_hide_featured_image":"","yasr_overall_rating":0,"yasr_post_is_review":"","yasr_auto_insert_disabled":"","yasr_review_type":"Book"},"categories":[79,1,5,28],"tags":[51,76,34],"yoast_head":"<!-- This site is optimized with the Yoast SEO plugin v20.6 - https:\/\/yoast.com\/wordpress\/plugins\/seo\/ -->\n<title>LE PATIENT de Timoth\u00e9 Le Boucher - BDLIRE<\/title>\n<meta name=\"robots\" content=\"index, follow, max-snippet:-1, max-image-preview:large, max-video-preview:-1\" \/>\n<link rel=\"canonical\" href=\"https:\/\/bdlire.fr\/index.php\/2019\/05\/12\/le-patient-de-timothe-le-boucher\/\" \/>\n<meta property=\"og:locale\" content=\"fr_FR\" \/>\n<meta property=\"og:type\" content=\"article\" \/>\n<meta property=\"og:title\" content=\"LE PATIENT de Timoth\u00e9 Le Boucher - BDLIRE\" \/>\n<meta property=\"og:description\" content=\"Laura Grimaud, 18 ans et attard\u00e9e mentale, couverte de sang et arm\u00e9e d&#8217;un couteau, est arr\u00eat\u00e9e par la police en pleine nuit. Sentant le drame, les policiers se rendent \u00e0 son domicile et tombent sur ...\" \/>\n<meta property=\"og:url\" content=\"https:\/\/bdlire.fr\/index.php\/2019\/05\/12\/le-patient-de-timothe-le-boucher\/\" \/>\n<meta property=\"og:site_name\" content=\"BDLIRE\" \/>\n<meta property=\"article:publisher\" content=\"https:\/\/www.facebook.com\/BDLire\" \/>\n<meta property=\"article:published_time\" content=\"2019-05-12T16:46:06+00:00\" \/>\n<meta property=\"article:modified_time\" content=\"2019-12-22T14:57:14+00:00\" \/>\n<meta property=\"og:image\" content=\"https:\/\/bdlire.fr\/wp-content\/uploads\/2019\/05\/couv-le-patient.jpg\" \/>\n\t<meta property=\"og:image:width\" content=\"200\" \/>\n\t<meta property=\"og:image:height\" content=\"270\" \/>\n\t<meta property=\"og:image:type\" content=\"image\/jpeg\" \/>\n<meta name=\"author\" content=\"Combattut\" \/>\n<meta name=\"twitter:card\" content=\"summary_large_image\" \/>\n<meta name=\"twitter:creator\" content=\"@bd_lire\" \/>\n<meta name=\"twitter:site\" content=\"@bd_lire\" \/>\n<meta name=\"twitter:label1\" content=\"\u00c9crit par\" \/>\n\t<meta name=\"twitter:data1\" content=\"Combattut\" \/>\n\t<meta name=\"twitter:label2\" content=\"Dur\u00e9e de lecture estim\u00e9e\" \/>\n\t<meta name=\"twitter:data2\" content=\"2 minutes\" \/>\n<script type=\"application\/ld+json\" class=\"yoast-schema-graph\">{\"@context\":\"https:\/\/schema.org\",\"@graph\":[{\"@type\":\"Article\",\"@id\":\"https:\/\/bdlire.fr\/index.php\/2019\/05\/12\/le-patient-de-timothe-le-boucher\/#article\",\"isPartOf\":{\"@id\":\"https:\/\/bdlire.fr\/index.php\/2019\/05\/12\/le-patient-de-timothe-le-boucher\/\"},\"author\":{\"name\":\"Combattut\",\"@id\":\"https:\/\/bdlire.fr\/#\/schema\/person\/abaed4593b2478bea68f6a088dbf26bb\"},\"headline\":\"LE PATIENT de Timoth\u00e9 Le Boucher\",\"datePublished\":\"2019-05-12T16:46:06+00:00\",\"dateModified\":\"2019-12-22T14:57:14+00:00\",\"mainEntityOfPage\":{\"@id\":\"https:\/\/bdlire.fr\/index.php\/2019\/05\/12\/le-patient-de-timothe-le-boucher\/\"},\"wordCount\":323,\"commentCount\":1,\"publisher\":{\"@id\":\"https:\/\/bdlire.fr\/#organization\"},\"keywords\":[\"GLENAT\",\"Manipulation\",\"Meurtre\"],\"articleSection\":{\"0\":\"bdchireeromangraphique\",\"2\":\"Polar\/thriller\",\"3\":\"Tous les articles\"},\"inLanguage\":\"fr-FR\",\"potentialAction\":[{\"@type\":\"CommentAction\",\"name\":\"Comment\",\"target\":[\"https:\/\/bdlire.fr\/index.php\/2019\/05\/12\/le-patient-de-timothe-le-boucher\/#respond\"]}]},{\"@type\":\"WebPage\",\"@id\":\"https:\/\/bdlire.fr\/index.php\/2019\/05\/12\/le-patient-de-timothe-le-boucher\/\",\"url\":\"https:\/\/bdlire.fr\/index.php\/2019\/05\/12\/le-patient-de-timothe-le-boucher\/\",\"name\":\"LE PATIENT de Timoth\u00e9 Le Boucher - BDLIRE\",\"isPartOf\":{\"@id\":\"https:\/\/bdlire.fr\/#website\"},\"datePublished\":\"2019-05-12T16:46:06+00:00\",\"dateModified\":\"2019-12-22T14:57:14+00:00\",\"breadcrumb\":{\"@id\":\"https:\/\/bdlire.fr\/index.php\/2019\/05\/12\/le-patient-de-timothe-le-boucher\/#breadcrumb\"},\"inLanguage\":\"fr-FR\",\"potentialAction\":[{\"@type\":\"ReadAction\",\"target\":[\"https:\/\/bdlire.fr\/index.php\/2019\/05\/12\/le-patient-de-timothe-le-boucher\/\"]}]},{\"@type\":\"BreadcrumbList\",\"@id\":\"https:\/\/bdlire.fr\/index.php\/2019\/05\/12\/le-patient-de-timothe-le-boucher\/#breadcrumb\",\"itemListElement\":[{\"@type\":\"ListItem\",\"position\":1,\"name\":\"Accueil\",\"item\":\"https:\/\/bdlire.fr\/\"},{\"@type\":\"ListItem\",\"position\":2,\"name\":\"LE PATIENT de Timoth\u00e9 Le Boucher\"}]},{\"@type\":\"WebSite\",\"@id\":\"https:\/\/bdlire.fr\/#website\",\"url\":\"https:\/\/bdlire.fr\/\",\"name\":\"BDLIRE\",\"description\":\"Des BDs et des d\u00e9lires\",\"publisher\":{\"@id\":\"https:\/\/bdlire.fr\/#organization\"},\"potentialAction\":[{\"@type\":\"SearchAction\",\"target\":{\"@type\":\"EntryPoint\",\"urlTemplate\":\"https:\/\/bdlire.fr\/?s={search_term_string}\"},\"query-input\":\"required name=search_term_string\"}],\"inLanguage\":\"fr-FR\"},{\"@type\":\"Organization\",\"@id\":\"https:\/\/bdlire.fr\/#organization\",\"name\":\"BDLIRE\",\"url\":\"https:\/\/bdlire.fr\/\",\"logo\":{\"@type\":\"ImageObject\",\"inLanguage\":\"fr-FR\",\"@id\":\"https:\/\/bdlire.fr\/#\/schema\/logo\/image\/\",\"url\":\"https:\/\/bdlire.fr\/wp-content\/uploads\/2019\/01\/logo-bdlire.png\",\"contentUrl\":\"https:\/\/bdlire.fr\/wp-content\/uploads\/2019\/01\/logo-bdlire.png\",\"width\":200,\"height\":80,\"caption\":\"BDLIRE\"},\"image\":{\"@id\":\"https:\/\/bdlire.fr\/#\/schema\/logo\/image\/\"},\"sameAs\":[\"https:\/\/www.facebook.com\/BDLire\",\"https:\/\/twitter.com\/bd_lire\",\"https:\/\/www.instagram.com\/bdlire_2020\/\"]},{\"@type\":\"Person\",\"@id\":\"https:\/\/bdlire.fr\/#\/schema\/person\/abaed4593b2478bea68f6a088dbf26bb\",\"name\":\"Combattut\",\"image\":{\"@type\":\"ImageObject\",\"inLanguage\":\"fr-FR\",\"@id\":\"https:\/\/bdlire.fr\/#\/schema\/person\/image\/\",\"url\":\"https:\/\/secure.gravatar.com\/avatar\/9a5333a44db413ece53b24965bfbc87b?s=96&d=mm&r=g\",\"contentUrl\":\"https:\/\/secure.gravatar.com\/avatar\/9a5333a44db413ece53b24965bfbc87b?s=96&d=mm&r=g\",\"caption\":\"Combattut\"},\"sameAs\":[\"http:\/\/www.bdlire.fr\"],\"url\":\"https:\/\/bdlire.fr\/index.php\/author\/thibaut\/\"}]}<\/script>\n<!-- \/ Yoast SEO plugin. -->","yoast_head_json":{"title":"LE PATIENT de Timoth\u00e9 Le Boucher - BDLIRE","robots":{"index":"index","follow":"follow","max-snippet":"max-snippet:-1","max-image-preview":"max-image-preview:large","max-video-preview":"max-video-preview:-1"},"canonical":"https:\/\/bdlire.fr\/index.php\/2019\/05\/12\/le-patient-de-timothe-le-boucher\/","og_locale":"fr_FR","og_type":"article","og_title":"LE PATIENT de Timoth\u00e9 Le Boucher - BDLIRE","og_description":"Laura Grimaud, 18 ans et attard\u00e9e mentale, couverte de sang et arm\u00e9e d&#8217;un couteau, est arr\u00eat\u00e9e par la police en pleine nuit. Sentant le drame, les policiers se rendent \u00e0 son domicile et tombent sur ...","og_url":"https:\/\/bdlire.fr\/index.php\/2019\/05\/12\/le-patient-de-timothe-le-boucher\/","og_site_name":"BDLIRE","article_publisher":"https:\/\/www.facebook.com\/BDLire","article_published_time":"2019-05-12T16:46:06+00:00","article_modified_time":"2019-12-22T14:57:14+00:00","og_image":[{"width":200,"height":270,"url":"https:\/\/bdlire.fr\/wp-content\/uploads\/2019\/05\/couv-le-patient.jpg","type":"image\/jpeg"}],"author":"Combattut","twitter_card":"summary_large_image","twitter_creator":"@bd_lire","twitter_site":"@bd_lire","twitter_misc":{"\u00c9crit par":"Combattut","Dur\u00e9e de lecture estim\u00e9e":"2 minutes"},"schema":{"@context":"https:\/\/schema.org","@graph":[{"@type":"Article","@id":"https:\/\/bdlire.fr\/index.php\/2019\/05\/12\/le-patient-de-timothe-le-boucher\/#article","isPartOf":{"@id":"https:\/\/bdlire.fr\/index.php\/2019\/05\/12\/le-patient-de-timothe-le-boucher\/"},"author":{"name":"Combattut","@id":"https:\/\/bdlire.fr\/#\/schema\/person\/abaed4593b2478bea68f6a088dbf26bb"},"headline":"LE PATIENT de Timoth\u00e9 Le Boucher","datePublished":"2019-05-12T16:46:06+00:00","dateModified":"2019-12-22T14:57:14+00:00","mainEntityOfPage":{"@id":"https:\/\/bdlire.fr\/index.php\/2019\/05\/12\/le-patient-de-timothe-le-boucher\/"},"wordCount":323,"commentCount":1,"publisher":{"@id":"https:\/\/bdlire.fr\/#organization"},"keywords":["GLENAT","Manipulation","Meurtre"],"articleSection":{"0":"bdchireeromangraphique","2":"Polar\/thriller","3":"Tous les articles"},"inLanguage":"fr-FR","potentialAction":[{"@type":"CommentAction","name":"Comment","target":["https:\/\/bdlire.fr\/index.php\/2019\/05\/12\/le-patient-de-timothe-le-boucher\/#respond"]}]},{"@type":"WebPage","@id":"https:\/\/bdlire.fr\/index.php\/2019\/05\/12\/le-patient-de-timothe-le-boucher\/","url":"https:\/\/bdlire.fr\/index.php\/2019\/05\/12\/le-patient-de-timothe-le-boucher\/","name":"LE PATIENT de Timoth\u00e9 Le Boucher - BDLIRE","isPartOf":{"@id":"https:\/\/bdlire.fr\/#website"},"datePublished":"2019-05-12T16:46:06+00:00","dateModified":"2019-12-22T14:57:14+00:00","breadcrumb":{"@id":"https:\/\/bdlire.fr\/index.php\/2019\/05\/12\/le-patient-de-timothe-le-boucher\/#breadcrumb"},"inLanguage":"fr-FR","potentialAction":[{"@type":"ReadAction","target":["https:\/\/bdlire.fr\/index.php\/2019\/05\/12\/le-patient-de-timothe-le-boucher\/"]}]},{"@type":"BreadcrumbList","@id":"https:\/\/bdlire.fr\/index.php\/2019\/05\/12\/le-patient-de-timothe-le-boucher\/#breadcrumb","itemListElement":[{"@type":"ListItem","position":1,"name":"Accueil","item":"https:\/\/bdlire.fr\/"},{"@type":"ListItem","position":2,"name":"LE PATIENT de Timoth\u00e9 Le Boucher"}]},{"@type":"WebSite","@id":"https:\/\/bdlire.fr\/#website","url":"https:\/\/bdlire.fr\/","name":"BDLIRE","description":"Des BDs et des d\u00e9lires","publisher":{"@id":"https:\/\/bdlire.fr\/#organization"},"potentialAction":[{"@type":"SearchAction","target":{"@type":"EntryPoint","urlTemplate":"https:\/\/bdlire.fr\/?s={search_term_string}"},"query-input":"required name=search_term_string"}],"inLanguage":"fr-FR"},{"@type":"Organization","@id":"https:\/\/bdlire.fr\/#organization","name":"BDLIRE","url":"https:\/\/bdlire.fr\/","logo":{"@type":"ImageObject","inLanguage":"fr-FR","@id":"https:\/\/bdlire.fr\/#\/schema\/logo\/image\/","url":"https:\/\/bdlire.fr\/wp-content\/uploads\/2019\/01\/logo-bdlire.png","contentUrl":"https:\/\/bdlire.fr\/wp-content\/uploads\/2019\/01\/logo-bdlire.png","width":200,"height":80,"caption":"BDLIRE"},"image":{"@id":"https:\/\/bdlire.fr\/#\/schema\/logo\/image\/"},"sameAs":["https:\/\/www.facebook.com\/BDLire","https:\/\/twitter.com\/bd_lire","https:\/\/www.instagram.com\/bdlire_2020\/"]},{"@type":"Person","@id":"https:\/\/bdlire.fr\/#\/schema\/person\/abaed4593b2478bea68f6a088dbf26bb","name":"Combattut","image":{"@type":"ImageObject","inLanguage":"fr-FR","@id":"https:\/\/bdlire.fr\/#\/schema\/person\/image\/","url":"https:\/\/secure.gravatar.com\/avatar\/9a5333a44db413ece53b24965bfbc87b?s=96&d=mm&r=g","contentUrl":"https:\/\/secure.gravatar.com\/avatar\/9a5333a44db413ece53b24965bfbc87b?s=96&d=mm&r=g","caption":"Combattut"},"sameAs":["http:\/\/www.bdlire.fr"],"url":"https:\/\/bdlire.fr\/index.php\/author\/thibaut\/"}]}},"yasr_visitor_votes":{"stars_attributes":{"read_only":false,"span_bottom":false},"number_of_votes":0,"sum_votes":0},"_links":{"self":[{"href":"https:\/\/bdlire.fr\/index.php\/wp-json\/wp\/v2\/posts\/1108"}],"collection":[{"href":"https:\/\/bdlire.fr\/index.php\/wp-json\/wp\/v2\/posts"}],"about":[{"href":"https:\/\/bdlire.fr\/index.php\/wp-json\/wp\/v2\/types\/post"}],"author":[{"embeddable":true,"href":"https:\/\/bdlire.fr\/index.php\/wp-json\/wp\/v2\/users\/2"}],"replies":[{"embeddable":true,"href":"https:\/\/bdlire.fr\/index.php\/wp-json\/wp\/v2\/comments?post=1108"}],"version-history":[{"count":6,"href":"https:\/\/bdlire.fr\/index.php\/wp-json\/wp\/v2\/posts\/1108\/revisions"}],"predecessor-version":[{"id":2808,"href":"https:\/\/bdlire.fr\/index.php\/wp-json\/wp\/v2\/posts\/1108\/revisions\/2808"}],"wp:featuredmedia":[{"embeddable":true,"href":"https:\/\/bdlire.fr\/index.php\/wp-json\/wp\/v2\/media\/1110"}],"wp:attachment":[{"href":"https:\/\/bdlire.fr\/index.php\/wp-json\/wp\/v2\/media?parent=1108"}],"wp:term":[{"taxonomy":"category","embeddable":true,"href":"https:\/\/bdlire.fr\/index.php\/wp-json\/wp\/v2\/categories?post=1108"},{"taxonomy":"post_tag","embeddable":true,"href":"https:\/\/bdlire.fr\/index.php\/wp-json\/wp\/v2\/tags?post=1108"}],"curies":[{"name":"wp","href":"https:\/\/api.w.org\/{rel}","templated":true}]}}