{"id":1101,"date":"2019-05-10T16:32:38","date_gmt":"2019-05-10T14:32:38","guid":{"rendered":"http:\/\/bdlire.fr\/?p=1101"},"modified":"2019-10-21T09:30:34","modified_gmt":"2019-10-21T07:30:34","slug":"ou-le-regard-ne-porte-pas-de-georges-abolin-et-olivier-pont-chez-dargaud","status":"publish","type":"post","link":"https:\/\/bdlire.fr\/index.php\/2019\/05\/10\/ou-le-regard-ne-porte-pas-de-georges-abolin-et-olivier-pont-chez-dargaud\/","title":{"rendered":"OU LE REGARD NE PORTE PAS de Georges Abolin et Olivier Pont chez DARGAUD"},"content":{"rendered":"<div style='text-align:left' class='yasr-auto-insert-visitor'><\/div><h3>R\u00e9sum\u00e9<\/h3>\n<p>En 1906, William est un jeune gar\u00e7on quand il d\u00e9barque avec ses parents et sa petite s\u0153ur \u00e0 Barelito, village de p\u00eacheurs dans le sud de l&#8217;Italie. Toute la famille arrive de Londres et se laisse porter par le projet de p\u00eache au large du paternel. Ils sont submerg\u00e9s par la beaut\u00e9 du lieu et par l&#8217;excitation que suscite cette nouvelle vie. Dans le m\u00eame temps, ils font face \u00e0 l&#8217;hostilit\u00e9 des p\u00eacheurs locaux qui leur r\u00e9servent un accueil glacial, notamment parce qu&#8217;ils craignent pour leur travail. Heureusement, ils font la connaissance de Francesco leur voisin qui lui au contraire se montre accueillant et aidant. Francesco est le p\u00e8re de Lisa une petite fille du m\u00eame \u00e2ge que William. Rapidement, William \u00e9prouve une forte \u00e9motion au contact de Lisa qui l&#8217;embarque dans ses frasques. Un soir, elle lui pr\u00e9sente Paolo et Nino et les met face \u00e0 ce qui va les unir toute leur vie : ils sont tous les 4 n\u00e9s le m\u00eame jour\u2026 Une amiti\u00e9 forte na\u00eet alors, ponctu\u00e9e par des s\u00e9ances mi-spiritisme mi-vaudoux jusqu&#8217;au moment o\u00f9 la d\u00e9fiance des villageois va tourner au drame<\/p>\n<h3>Le nuage de mots<\/h3>\n<p><img decoding=\"async\" loading=\"lazy\" class=\"wp-image-1102 aligncenter\" src=\"https:\/\/bdlire.fr\/wp-content\/uploads\/2019\/05\/nuage-de-mot-regard-300x195.jpg\" alt=\"\" width=\"472\" height=\"307\" srcset=\"https:\/\/bdlire.fr\/wp-content\/uploads\/2019\/05\/nuage-de-mot-regard-300x195.jpg 300w, https:\/\/bdlire.fr\/wp-content\/uploads\/2019\/05\/nuage-de-mot-regard-200x130.jpg 200w, https:\/\/bdlire.fr\/wp-content\/uploads\/2019\/05\/nuage-de-mot-regard-400x260.jpg 400w, https:\/\/bdlire.fr\/wp-content\/uploads\/2019\/05\/nuage-de-mot-regard.jpg 676w\" sizes=\"(max-width: 472px) 100vw, 472px\" \/><\/p>\n<p>&nbsp;<\/p>\n<h3>Mon avis<\/h3>\n<p>&#8220;O\u00f9 le regard ne porte pas&#8221;\u00a0 e<span style=\"display: inline !important; float: none; background-color: transparent; color: #333333; cursor: text; font-family: Georgia,'Times New Roman','Bitstream Charter',Times,serif; font-size: 16px; font-style: normal; font-variant: normal; font-weight: 400; letter-spacing: normal; orphans: 2; text-align: left; text-decoration: none; text-indent: 0px; text-transform: none; -webkit-text-stroke-width: 0px; white-space: normal; word-spacing: 0px;\">st une BD que je recommande \u00e0 ceux qui ne connaiss<\/span>ent pas l&#8217;univers de la Bande Dessin\u00e9e. C&#8217;est une des premi\u00e8res BD que j&#8217;ai lue, une fois sortie de mes classiques d&#8217;alors qu&#8217;\u00e9taient Ast\u00e9rix, Lucky Luke, les Tuniques Bleues\u2026<\/p>\n<p>Une histoire que l&#8217;on prend le temps d&#8217;installer avec les premiers r\u00f4les, les seconds r\u00f4les, un d\u00e9cors de r\u00eave qui donne envie de voyager, des personnages attachants, des histoires croustillantes et une intrigue qui finit par prendre le pas sur toute l&#8217;histoire. Tout y est, port\u00e9 par le dessin du g\u00e9nial Olivier Pont qu&#8217;on a retrouv\u00e9 r\u00e9cemment dans &#8220;Un putain de salopard&#8221; aux Editions Rue de S\u00e8vres. Ces personnages sont vivants et b\u00e9n\u00e9ficient d&#8217;une vraie mise en sc\u00e8ne cin\u00e9matographique.<\/p>\n<p>Bref, un MUST HAVE !<\/p>\n<h3>Comment j&#8217;y suis venu ?<\/h3>\n<p>C&#8217;est un ami, J. Lantz qui m&#8217;a conseill\u00e9 de lire &#8220;O\u00f9 le regard ne porte pas&#8221;. Je voulais ouvrir mon paysage de Bandes dessin\u00e9es. Ces autres conseils \u00e9taient Blacksad &#8211; Dargaud, Isaac le pirate &#8211; Dargaud ou le plus original David Boring &#8211; \u00e9ditions Cornelius. Merci \u00e0 toi J\u00e9r\u00f4me !!<\/p>\n<p>15 ans apr\u00e8s j&#8217;ai eu envie de le relire apr\u00e8s la d\u00e9couverte de &#8220;Un putain de salopard&#8221; de R\u00e9gis Loisel et du m\u00eame Olivier Pont.<\/p>\n<p><img decoding=\"async\" loading=\"lazy\" class=\"wp-image-1105 aligncenter\" src=\"https:\/\/bdlire.fr\/wp-content\/uploads\/2019\/05\/VIGNETTE-REGARD-300x242.jpeg\" alt=\"\" width=\"497\" height=\"401\" srcset=\"https:\/\/bdlire.fr\/wp-content\/uploads\/2019\/05\/VIGNETTE-REGARD-300x242.jpeg 300w, https:\/\/bdlire.fr\/wp-content\/uploads\/2019\/05\/VIGNETTE-REGARD-200x161.jpeg 200w, https:\/\/bdlire.fr\/wp-content\/uploads\/2019\/05\/VIGNETTE-REGARD.jpeg 372w\" sizes=\"(max-width: 497px) 100vw, 497px\" \/><\/p>\n<p>&#8220;O\u00f9 le regard ne porte pas&#8221; de Georges Abolin et Olivier Pont aux \u00e9ditions DARGAUD &#8211; collection Long Courrier<\/p>\n<p>Tomes 1 et 2 sortis en 2004.<\/p>\n<p>&nbsp;<\/p>\n<p>&nbsp;<\/p>\n","protected":false},"excerpt":{"rendered":"<p>R\u00e9sum\u00e9 En 1906, William est un jeune gar\u00e7on quand il d\u00e9barque avec ses parents et sa petite s\u0153ur \u00e0 Barelito, village de p\u00eacheurs dans le sud de l&#8217;Italie. Toute la famille arrive de Londres et <a class=\"read-more\" href=\"https:\/\/bdlire.fr\/index.php\/2019\/05\/10\/ou-le-regard-ne-porte-pas-de-georges-abolin-et-olivier-pont-chez-dargaud\/\">&#8230;<\/a><\/p>\n","protected":false},"author":2,"featured_media":1104,"comment_status":"open","ping_status":"open","sticky":false,"template":"","format":"standard","meta":{"_mi_skip_tracking":false,"cybocfi_hide_featured_image":"","yasr_overall_rating":0,"yasr_post_is_review":"","yasr_auto_insert_disabled":"","yasr_review_type":""},"categories":[6,28],"tags":[32,52,82],"yoast_head":"<!-- This site is optimized with the Yoast SEO plugin v20.6 - https:\/\/yoast.com\/wordpress\/plugins\/seo\/ -->\n<title>OU LE REGARD NE PORTE PAS de Georges Abolin et Olivier Pont chez DARGAUD - BDLIRE<\/title>\n<meta name=\"robots\" content=\"index, follow, max-snippet:-1, max-image-preview:large, max-video-preview:-1\" \/>\n<link rel=\"canonical\" href=\"https:\/\/bdlire.fr\/index.php\/2019\/05\/10\/ou-le-regard-ne-porte-pas-de-georges-abolin-et-olivier-pont-chez-dargaud\/\" \/>\n<meta property=\"og:locale\" content=\"fr_FR\" \/>\n<meta property=\"og:type\" content=\"article\" \/>\n<meta property=\"og:title\" content=\"OU LE REGARD NE PORTE PAS de Georges Abolin et Olivier Pont chez DARGAUD - BDLIRE\" \/>\n<meta property=\"og:description\" content=\"R\u00e9sum\u00e9 En 1906, William est un jeune gar\u00e7on quand il d\u00e9barque avec ses parents et sa petite s\u0153ur \u00e0 Barelito, village de p\u00eacheurs dans le sud de l&#8217;Italie. Toute la famille arrive de Londres et ...\" \/>\n<meta property=\"og:url\" content=\"https:\/\/bdlire.fr\/index.php\/2019\/05\/10\/ou-le-regard-ne-porte-pas-de-georges-abolin-et-olivier-pont-chez-dargaud\/\" \/>\n<meta property=\"og:site_name\" content=\"BDLIRE\" \/>\n<meta property=\"article:publisher\" content=\"https:\/\/www.facebook.com\/BDLire\" \/>\n<meta property=\"article:published_time\" content=\"2019-05-10T14:32:38+00:00\" \/>\n<meta property=\"article:modified_time\" content=\"2019-10-21T07:30:34+00:00\" \/>\n<meta property=\"og:image\" content=\"https:\/\/bdlire.fr\/wp-content\/uploads\/2019\/05\/couv-ou-le-regard-ne-porte-pas.jpg\" \/>\n\t<meta property=\"og:image:width\" content=\"200\" \/>\n\t<meta property=\"og:image:height\" content=\"268\" \/>\n\t<meta property=\"og:image:type\" content=\"image\/jpeg\" \/>\n<meta name=\"author\" content=\"Combattut\" \/>\n<meta name=\"twitter:card\" content=\"summary_large_image\" \/>\n<meta name=\"twitter:creator\" content=\"@bd_lire\" \/>\n<meta name=\"twitter:site\" content=\"@bd_lire\" \/>\n<meta name=\"twitter:label1\" content=\"\u00c9crit par\" \/>\n\t<meta name=\"twitter:data1\" content=\"Combattut\" \/>\n\t<meta name=\"twitter:label2\" content=\"Dur\u00e9e de lecture estim\u00e9e\" \/>\n\t<meta name=\"twitter:data2\" content=\"2 minutes\" \/>\n<script type=\"application\/ld+json\" class=\"yoast-schema-graph\">{\"@context\":\"https:\/\/schema.org\",\"@graph\":[{\"@type\":\"Article\",\"@id\":\"https:\/\/bdlire.fr\/index.php\/2019\/05\/10\/ou-le-regard-ne-porte-pas-de-georges-abolin-et-olivier-pont-chez-dargaud\/#article\",\"isPartOf\":{\"@id\":\"https:\/\/bdlire.fr\/index.php\/2019\/05\/10\/ou-le-regard-ne-porte-pas-de-georges-abolin-et-olivier-pont-chez-dargaud\/\"},\"author\":{\"name\":\"Combattut\",\"@id\":\"https:\/\/bdlire.fr\/#\/schema\/person\/abaed4593b2478bea68f6a088dbf26bb\"},\"headline\":\"OU LE REGARD NE PORTE PAS de Georges Abolin et Olivier Pont chez DARGAUD\",\"datePublished\":\"2019-05-10T14:32:38+00:00\",\"dateModified\":\"2019-10-21T07:30:34+00:00\",\"mainEntityOfPage\":{\"@id\":\"https:\/\/bdlire.fr\/index.php\/2019\/05\/10\/ou-le-regard-ne-porte-pas-de-georges-abolin-et-olivier-pont-chez-dargaud\/\"},\"wordCount\":492,\"commentCount\":0,\"publisher\":{\"@id\":\"https:\/\/bdlire.fr\/#organization\"},\"keywords\":[\"Aventure\",\"DARGAUD\",\"fantastique\"],\"articleSection\":[\"Aventures\",\"Tous les articles\"],\"inLanguage\":\"fr-FR\",\"potentialAction\":[{\"@type\":\"CommentAction\",\"name\":\"Comment\",\"target\":[\"https:\/\/bdlire.fr\/index.php\/2019\/05\/10\/ou-le-regard-ne-porte-pas-de-georges-abolin-et-olivier-pont-chez-dargaud\/#respond\"]}]},{\"@type\":\"WebPage\",\"@id\":\"https:\/\/bdlire.fr\/index.php\/2019\/05\/10\/ou-le-regard-ne-porte-pas-de-georges-abolin-et-olivier-pont-chez-dargaud\/\",\"url\":\"https:\/\/bdlire.fr\/index.php\/2019\/05\/10\/ou-le-regard-ne-porte-pas-de-georges-abolin-et-olivier-pont-chez-dargaud\/\",\"name\":\"OU LE REGARD NE PORTE PAS de Georges Abolin et Olivier Pont chez DARGAUD - BDLIRE\",\"isPartOf\":{\"@id\":\"https:\/\/bdlire.fr\/#website\"},\"datePublished\":\"2019-05-10T14:32:38+00:00\",\"dateModified\":\"2019-10-21T07:30:34+00:00\",\"breadcrumb\":{\"@id\":\"https:\/\/bdlire.fr\/index.php\/2019\/05\/10\/ou-le-regard-ne-porte-pas-de-georges-abolin-et-olivier-pont-chez-dargaud\/#breadcrumb\"},\"inLanguage\":\"fr-FR\",\"potentialAction\":[{\"@type\":\"ReadAction\",\"target\":[\"https:\/\/bdlire.fr\/index.php\/2019\/05\/10\/ou-le-regard-ne-porte-pas-de-georges-abolin-et-olivier-pont-chez-dargaud\/\"]}]},{\"@type\":\"BreadcrumbList\",\"@id\":\"https:\/\/bdlire.fr\/index.php\/2019\/05\/10\/ou-le-regard-ne-porte-pas-de-georges-abolin-et-olivier-pont-chez-dargaud\/#breadcrumb\",\"itemListElement\":[{\"@type\":\"ListItem\",\"position\":1,\"name\":\"Accueil\",\"item\":\"https:\/\/bdlire.fr\/\"},{\"@type\":\"ListItem\",\"position\":2,\"name\":\"OU LE REGARD NE PORTE PAS de Georges Abolin et Olivier Pont chez DARGAUD\"}]},{\"@type\":\"WebSite\",\"@id\":\"https:\/\/bdlire.fr\/#website\",\"url\":\"https:\/\/bdlire.fr\/\",\"name\":\"BDLIRE\",\"description\":\"Des BDs et des d\u00e9lires\",\"publisher\":{\"@id\":\"https:\/\/bdlire.fr\/#organization\"},\"potentialAction\":[{\"@type\":\"SearchAction\",\"target\":{\"@type\":\"EntryPoint\",\"urlTemplate\":\"https:\/\/bdlire.fr\/?s={search_term_string}\"},\"query-input\":\"required name=search_term_string\"}],\"inLanguage\":\"fr-FR\"},{\"@type\":\"Organization\",\"@id\":\"https:\/\/bdlire.fr\/#organization\",\"name\":\"BDLIRE\",\"url\":\"https:\/\/bdlire.fr\/\",\"logo\":{\"@type\":\"ImageObject\",\"inLanguage\":\"fr-FR\",\"@id\":\"https:\/\/bdlire.fr\/#\/schema\/logo\/image\/\",\"url\":\"https:\/\/bdlire.fr\/wp-content\/uploads\/2019\/01\/logo-bdlire.png\",\"contentUrl\":\"https:\/\/bdlire.fr\/wp-content\/uploads\/2019\/01\/logo-bdlire.png\",\"width\":200,\"height\":80,\"caption\":\"BDLIRE\"},\"image\":{\"@id\":\"https:\/\/bdlire.fr\/#\/schema\/logo\/image\/\"},\"sameAs\":[\"https:\/\/www.facebook.com\/BDLire\",\"https:\/\/twitter.com\/bd_lire\",\"https:\/\/www.instagram.com\/bdlire_2020\/\"]},{\"@type\":\"Person\",\"@id\":\"https:\/\/bdlire.fr\/#\/schema\/person\/abaed4593b2478bea68f6a088dbf26bb\",\"name\":\"Combattut\",\"image\":{\"@type\":\"ImageObject\",\"inLanguage\":\"fr-FR\",\"@id\":\"https:\/\/bdlire.fr\/#\/schema\/person\/image\/\",\"url\":\"https:\/\/secure.gravatar.com\/avatar\/9a5333a44db413ece53b24965bfbc87b?s=96&d=mm&r=g\",\"contentUrl\":\"https:\/\/secure.gravatar.com\/avatar\/9a5333a44db413ece53b24965bfbc87b?s=96&d=mm&r=g\",\"caption\":\"Combattut\"},\"sameAs\":[\"http:\/\/www.bdlire.fr\"],\"url\":\"https:\/\/bdlire.fr\/index.php\/author\/thibaut\/\"}]}<\/script>\n<!-- \/ Yoast SEO plugin. -->","yoast_head_json":{"title":"OU LE REGARD NE PORTE PAS de Georges Abolin et Olivier Pont chez DARGAUD - BDLIRE","robots":{"index":"index","follow":"follow","max-snippet":"max-snippet:-1","max-image-preview":"max-image-preview:large","max-video-preview":"max-video-preview:-1"},"canonical":"https:\/\/bdlire.fr\/index.php\/2019\/05\/10\/ou-le-regard-ne-porte-pas-de-georges-abolin-et-olivier-pont-chez-dargaud\/","og_locale":"fr_FR","og_type":"article","og_title":"OU LE REGARD NE PORTE PAS de Georges Abolin et Olivier Pont chez DARGAUD - BDLIRE","og_description":"R\u00e9sum\u00e9 En 1906, William est un jeune gar\u00e7on quand il d\u00e9barque avec ses parents et sa petite s\u0153ur \u00e0 Barelito, village de p\u00eacheurs dans le sud de l&#8217;Italie. Toute la famille arrive de Londres et ...","og_url":"https:\/\/bdlire.fr\/index.php\/2019\/05\/10\/ou-le-regard-ne-porte-pas-de-georges-abolin-et-olivier-pont-chez-dargaud\/","og_site_name":"BDLIRE","article_publisher":"https:\/\/www.facebook.com\/BDLire","article_published_time":"2019-05-10T14:32:38+00:00","article_modified_time":"2019-10-21T07:30:34+00:00","og_image":[{"width":200,"height":268,"url":"https:\/\/bdlire.fr\/wp-content\/uploads\/2019\/05\/couv-ou-le-regard-ne-porte-pas.jpg","type":"image\/jpeg"}],"author":"Combattut","twitter_card":"summary_large_image","twitter_creator":"@bd_lire","twitter_site":"@bd_lire","twitter_misc":{"\u00c9crit par":"Combattut","Dur\u00e9e de lecture estim\u00e9e":"2 minutes"},"schema":{"@context":"https:\/\/schema.org","@graph":[{"@type":"Article","@id":"https:\/\/bdlire.fr\/index.php\/2019\/05\/10\/ou-le-regard-ne-porte-pas-de-georges-abolin-et-olivier-pont-chez-dargaud\/#article","isPartOf":{"@id":"https:\/\/bdlire.fr\/index.php\/2019\/05\/10\/ou-le-regard-ne-porte-pas-de-georges-abolin-et-olivier-pont-chez-dargaud\/"},"author":{"name":"Combattut","@id":"https:\/\/bdlire.fr\/#\/schema\/person\/abaed4593b2478bea68f6a088dbf26bb"},"headline":"OU LE REGARD NE PORTE PAS de Georges Abolin et Olivier Pont chez DARGAUD","datePublished":"2019-05-10T14:32:38+00:00","dateModified":"2019-10-21T07:30:34+00:00","mainEntityOfPage":{"@id":"https:\/\/bdlire.fr\/index.php\/2019\/05\/10\/ou-le-regard-ne-porte-pas-de-georges-abolin-et-olivier-pont-chez-dargaud\/"},"wordCount":492,"commentCount":0,"publisher":{"@id":"https:\/\/bdlire.fr\/#organization"},"keywords":["Aventure","DARGAUD","fantastique"],"articleSection":["Aventures","Tous les articles"],"inLanguage":"fr-FR","potentialAction":[{"@type":"CommentAction","name":"Comment","target":["https:\/\/bdlire.fr\/index.php\/2019\/05\/10\/ou-le-regard-ne-porte-pas-de-georges-abolin-et-olivier-pont-chez-dargaud\/#respond"]}]},{"@type":"WebPage","@id":"https:\/\/bdlire.fr\/index.php\/2019\/05\/10\/ou-le-regard-ne-porte-pas-de-georges-abolin-et-olivier-pont-chez-dargaud\/","url":"https:\/\/bdlire.fr\/index.php\/2019\/05\/10\/ou-le-regard-ne-porte-pas-de-georges-abolin-et-olivier-pont-chez-dargaud\/","name":"OU LE REGARD NE PORTE PAS de Georges Abolin et Olivier Pont chez DARGAUD - BDLIRE","isPartOf":{"@id":"https:\/\/bdlire.fr\/#website"},"datePublished":"2019-05-10T14:32:38+00:00","dateModified":"2019-10-21T07:30:34+00:00","breadcrumb":{"@id":"https:\/\/bdlire.fr\/index.php\/2019\/05\/10\/ou-le-regard-ne-porte-pas-de-georges-abolin-et-olivier-pont-chez-dargaud\/#breadcrumb"},"inLanguage":"fr-FR","potentialAction":[{"@type":"ReadAction","target":["https:\/\/bdlire.fr\/index.php\/2019\/05\/10\/ou-le-regard-ne-porte-pas-de-georges-abolin-et-olivier-pont-chez-dargaud\/"]}]},{"@type":"BreadcrumbList","@id":"https:\/\/bdlire.fr\/index.php\/2019\/05\/10\/ou-le-regard-ne-porte-pas-de-georges-abolin-et-olivier-pont-chez-dargaud\/#breadcrumb","itemListElement":[{"@type":"ListItem","position":1,"name":"Accueil","item":"https:\/\/bdlire.fr\/"},{"@type":"ListItem","position":2,"name":"OU LE REGARD NE PORTE PAS de Georges Abolin et Olivier Pont chez DARGAUD"}]},{"@type":"WebSite","@id":"https:\/\/bdlire.fr\/#website","url":"https:\/\/bdlire.fr\/","name":"BDLIRE","description":"Des BDs et des d\u00e9lires","publisher":{"@id":"https:\/\/bdlire.fr\/#organization"},"potentialAction":[{"@type":"SearchAction","target":{"@type":"EntryPoint","urlTemplate":"https:\/\/bdlire.fr\/?s={search_term_string}"},"query-input":"required name=search_term_string"}],"inLanguage":"fr-FR"},{"@type":"Organization","@id":"https:\/\/bdlire.fr\/#organization","name":"BDLIRE","url":"https:\/\/bdlire.fr\/","logo":{"@type":"ImageObject","inLanguage":"fr-FR","@id":"https:\/\/bdlire.fr\/#\/schema\/logo\/image\/","url":"https:\/\/bdlire.fr\/wp-content\/uploads\/2019\/01\/logo-bdlire.png","contentUrl":"https:\/\/bdlire.fr\/wp-content\/uploads\/2019\/01\/logo-bdlire.png","width":200,"height":80,"caption":"BDLIRE"},"image":{"@id":"https:\/\/bdlire.fr\/#\/schema\/logo\/image\/"},"sameAs":["https:\/\/www.facebook.com\/BDLire","https:\/\/twitter.com\/bd_lire","https:\/\/www.instagram.com\/bdlire_2020\/"]},{"@type":"Person","@id":"https:\/\/bdlire.fr\/#\/schema\/person\/abaed4593b2478bea68f6a088dbf26bb","name":"Combattut","image":{"@type":"ImageObject","inLanguage":"fr-FR","@id":"https:\/\/bdlire.fr\/#\/schema\/person\/image\/","url":"https:\/\/secure.gravatar.com\/avatar\/9a5333a44db413ece53b24965bfbc87b?s=96&d=mm&r=g","contentUrl":"https:\/\/secure.gravatar.com\/avatar\/9a5333a44db413ece53b24965bfbc87b?s=96&d=mm&r=g","caption":"Combattut"},"sameAs":["http:\/\/www.bdlire.fr"],"url":"https:\/\/bdlire.fr\/index.php\/author\/thibaut\/"}]}},"yasr_visitor_votes":{"stars_attributes":{"read_only":false,"span_bottom":false},"number_of_votes":0,"sum_votes":0},"_links":{"self":[{"href":"https:\/\/bdlire.fr\/index.php\/wp-json\/wp\/v2\/posts\/1101"}],"collection":[{"href":"https:\/\/bdlire.fr\/index.php\/wp-json\/wp\/v2\/posts"}],"about":[{"href":"https:\/\/bdlire.fr\/index.php\/wp-json\/wp\/v2\/types\/post"}],"author":[{"embeddable":true,"href":"https:\/\/bdlire.fr\/index.php\/wp-json\/wp\/v2\/users\/2"}],"replies":[{"embeddable":true,"href":"https:\/\/bdlire.fr\/index.php\/wp-json\/wp\/v2\/comments?post=1101"}],"version-history":[{"count":2,"href":"https:\/\/bdlire.fr\/index.php\/wp-json\/wp\/v2\/posts\/1101\/revisions"}],"predecessor-version":[{"id":2809,"href":"https:\/\/bdlire.fr\/index.php\/wp-json\/wp\/v2\/posts\/1101\/revisions\/2809"}],"wp:featuredmedia":[{"embeddable":true,"href":"https:\/\/bdlire.fr\/index.php\/wp-json\/wp\/v2\/media\/1104"}],"wp:attachment":[{"href":"https:\/\/bdlire.fr\/index.php\/wp-json\/wp\/v2\/media?parent=1101"}],"wp:term":[{"taxonomy":"category","embeddable":true,"href":"https:\/\/bdlire.fr\/index.php\/wp-json\/wp\/v2\/categories?post=1101"},{"taxonomy":"post_tag","embeddable":true,"href":"https:\/\/bdlire.fr\/index.php\/wp-json\/wp\/v2\/tags?post=1101"}],"curies":[{"name":"wp","href":"https:\/\/api.w.org\/{rel}","templated":true}]}}